{"id":15983,"date":"2019-06-25T13:11:36","date_gmt":"2019-06-25T13:11:36","guid":{"rendered":"https:\/\/clinicacemtro.com\/?p=15983"},"modified":"2019-09-18T14:19:44","modified_gmt":"2019-09-18T14:19:44","slug":"a-tu-salud-mejor-clinica-privada-traumatologia","status":"publish","type":"post","link":"https:\/\/www.clinicacemtro.com\/en\/a-tu-salud-mejor-clinica-privada-traumatologia\/","title":{"rendered":"Cl\u00ednica CEMTRO, mejor cl\u00ednica privada en Traumatolog\u00eda en los VIII Premios &#8216;A Tu Salud&#8217;"},"content":{"rendered":"<p>Los <strong>VIII Premios &#8216;A Tu Salud&#8217;<\/strong> han reconocido a <strong>Cl\u00ednica CEMTRO<\/strong> como la\u00a0<strong>mejor cl\u00ednica privada en <a href=\"https:\/\/www.clinicacemtro.com\/en\/traumatology\/\">Traumatolog\u00eda<\/a><\/strong>. Estos galardones reconocen\u00a0la innovaci\u00f3n y el esfuerzo investigador en las \u00e1reas que aborda, como son la salud, la Sanidad, la ciencia y la tecnolog\u00eda. Adem\u00e1s, premian el trabajo y el esfuerzo de profesionales, organizaciones y compa\u00f1\u00edas ligadas a estas \u00e1reas.<\/p>\n<p><img loading=\"lazy\" decoding=\"async\" class=\"alignnone wp-image-16221 size-full\" title=\"Mejor_Clinica_Traumatologia\" src=\"https:\/\/www.clinicacemtro.com\/wp-content\/uploads\/2019\/06\/Mejor_Clinica_Traumatologia.jpg\" alt=\"Mejor Clinica Traumatologia\" width=\"1419\" height=\"903\" srcset=\"https:\/\/www.clinicacemtro.com\/wp-content\/uploads\/2019\/06\/Mejor_Clinica_Traumatologia.jpg 1419w, https:\/\/www.clinicacemtro.com\/wp-content\/uploads\/2019\/06\/Mejor_Clinica_Traumatologia-600x382.jpg 600w, https:\/\/www.clinicacemtro.com\/wp-content\/uploads\/2019\/06\/Mejor_Clinica_Traumatologia-300x191.jpg 300w, https:\/\/www.clinicacemtro.com\/wp-content\/uploads\/2019\/06\/Mejor_Clinica_Traumatologia-768x489.jpg 768w, https:\/\/www.clinicacemtro.com\/wp-content\/uploads\/2019\/06\/Mejor_Clinica_Traumatologia-1024x652.jpg 1024w\" sizes=\"auto, (max-width: 1419px) 100vw, 1419px\" \/><\/p>\n<p>El <a href=\"https:\/\/www.larazon.es\/\" target=\"_blank\" rel=\"noopener\"><strong>diario La Raz\u00f3n<\/strong><\/a> ha celebrado el lunes 24 de junio de 2019 la octava edici\u00f3n de los premios que llevan el nombre de su semanario dominical de salud.\u00a0&#8216;<a href=\"https:\/\/www.larazon.es\/atusalud\" target=\"_blank\" rel=\"noopener\">A Tu Salud<\/a>&#8216; ha otorgado un total de <strong>59 premios<\/strong> a profesionales, instituciones y empresas en reconocimiento a su labor a lo largo del \u00faltimo a\u00f1o.<\/p>\n<p><img loading=\"lazy\" decoding=\"async\" class=\"aligncenter wp-image-15978 size-full\" title=\"Atusalud\" src=\"https:\/\/www.clinicacemtro.com\/wp-content\/uploads\/2019\/06\/atusalud.jpeg\" alt=\"Atusalud\" width=\"1200\" height=\"564\" srcset=\"https:\/\/www.clinicacemtro.com\/wp-content\/uploads\/2019\/06\/atusalud.jpeg 1200w, https:\/\/www.clinicacemtro.com\/wp-content\/uploads\/2019\/06\/atusalud-600x282.jpeg 600w, https:\/\/www.clinicacemtro.com\/wp-content\/uploads\/2019\/06\/atusalud-300x141.jpeg 300w, https:\/\/www.clinicacemtro.com\/wp-content\/uploads\/2019\/06\/atusalud-768x361.jpeg 768w, https:\/\/www.clinicacemtro.com\/wp-content\/uploads\/2019\/06\/atusalud-1024x481.jpeg 1024w\" sizes=\"auto, (max-width: 1200px) 100vw, 1200px\" \/><\/p>\n<p><strong>Ernesto San Francisco<\/strong>, gerente de <a href=\"https:\/\/www.clinicacemtro.com\/\" target=\"_blank\" rel=\"noopener\">Cl\u00ednica CEMTRO<\/a>, ha recogido el premio correspondiente a la categor\u00eda <strong>&#8220;Mejor cl\u00ednica privada <a href=\"https:\/\/www.clinicacemtro.com\/en\/traumatology\/\">en Traumatolog\u00eda<\/a>&#8220;<\/strong> en presencia de <strong>Mar\u00eda Luisa Carcedo<\/strong>, ministra de Sanidad, Consumo y Bienestar Social;\u00a0<strong>Enrique Ruiz Escudero<\/strong>, consejero de Sanidad de la Comunidad de Madrid; y <strong>Francisco Marhuenda<\/strong>, director del diario La Raz\u00f3n.<\/p>\n<p><img loading=\"lazy\" decoding=\"async\" class=\"alignnone wp-image-16223 size-full\" title=\"Premio_Mejor_Clinica_Privada\" src=\"https:\/\/www.clinicacemtro.com\/wp-content\/uploads\/2019\/06\/Premio_Mejor_Clinica_Privada.jpg\" alt=\"Premio Mejor Clinica Privada\" width=\"1400\" height=\"933\" srcset=\"https:\/\/www.clinicacemtro.com\/wp-content\/uploads\/2019\/06\/Premio_Mejor_Clinica_Privada.jpg 1400w, https:\/\/www.clinicacemtro.com\/wp-content\/uploads\/2019\/06\/Premio_Mejor_Clinica_Privada-600x400.jpg 600w, https:\/\/www.clinicacemtro.com\/wp-content\/uploads\/2019\/06\/Premio_Mejor_Clinica_Privada-300x200.jpg 300w, https:\/\/www.clinicacemtro.com\/wp-content\/uploads\/2019\/06\/Premio_Mejor_Clinica_Privada-768x512.jpg 768w, https:\/\/www.clinicacemtro.com\/wp-content\/uploads\/2019\/06\/Premio_Mejor_Clinica_Privada-1024x682.jpg 1024w\" sizes=\"auto, (max-width: 1400px) 100vw, 1400px\" \/><\/p>\n<p>&nbsp;<\/p>\n","protected":false},"excerpt":{"rendered":"<p>Los VIII Premios &#8216;A Tu Salud&#8217; han reconocido a Cl\u00ednica CEMTRO como la\u00a0mejor cl\u00ednica privada en Traumatolog\u00eda. Estos galardones reconocen\u00a0la innovaci\u00f3n y el esfuerzo investigador en las \u00e1reas que aborda, como son la salud, la Sanidad, la ciencia y la tecnolog\u00eda. Adem\u00e1s, premian el trabajo y el esfuerzo de profesionales, organizaciones y compa\u00f1\u00edas ligadas a&#8230;<\/p>\n","protected":false},"author":2,"featured_media":16021,"comment_status":"open","ping_status":"open","sticky":false,"template":"","format":"standard","meta":{"inline_featured_image":false,"footnotes":""},"categories":[558],"tags":[571],"class_list":["post-15983","post","type-post","status-publish","format-standard","has-post-thumbnail","hentry","category-noticias-en","tag-traumatologia-en"],"acf":[],"yoast_head":"<!-- This site is optimized with the Yoast SEO plugin v27.3 - https:\/\/yoast.com\/product\/yoast-seo-wordpress\/ -->\n<title>Mejor Cl\u00ednica Traumatolog\u00eda - Cl\u00ednica CEMTRO<\/title>\n<meta name=\"description\" content=\"Los VIII Premios &#039;A Tu Salud&#039; del diario La Raz\u00f3n han reconocido a Cl\u00ednica CEMTRO como la Mejor Cl\u00ednica Traumatolog\u00eda privada.\" \/>\n<meta name=\"robots\" content=\"index, follow, max-snippet:-1, max-image-preview:large, max-video-preview:-1\" \/>\n<link rel=\"canonical\" href=\"https:\/\/www.clinicacemtro.com\/en\/a-tu-salud-mejor-clinica-privada-traumatologia\/\" \/>\n<meta property=\"og:locale\" content=\"en_US\" \/>\n<meta property=\"og:type\" content=\"article\" \/>\n<meta property=\"og:title\" content=\"Mejor Cl\u00ednica Traumatolog\u00eda - Cl\u00ednica CEMTRO\" \/>\n<meta property=\"og:description\" content=\"Los VIII Premios &#039;A Tu Salud&#039; del diario La Raz\u00f3n han reconocido a Cl\u00ednica CEMTRO como la Mejor Cl\u00ednica Traumatolog\u00eda privada.\" \/>\n<meta property=\"og:url\" content=\"https:\/\/www.clinicacemtro.com\/en\/a-tu-salud-mejor-clinica-privada-traumatologia\/\" \/>\n<meta property=\"og:site_name\" content=\"Cl\u00ednica CEMTRO\" \/>\n<meta property=\"article:published_time\" content=\"2019-06-25T13:11:36+00:00\" \/>\n<meta property=\"article:modified_time\" content=\"2019-09-18T14:19:44+00:00\" \/>\n<meta property=\"og:image\" content=\"https:\/\/www.clinicacemtro.com\/wp-content\/uploads\/2019\/06\/Noticias-WEB-1-2.png\" \/>\n\t<meta property=\"og:image:width\" content=\"600\" \/>\n\t<meta property=\"og:image:height\" content=\"400\" \/>\n\t<meta property=\"og:image:type\" content=\"image\/png\" \/>\n<meta name=\"author\" content=\"Comunicaci\u00f3n Cemtro\" \/>\n<meta name=\"twitter:card\" content=\"summary_large_image\" \/>\n<meta name=\"twitter:label1\" content=\"Written by\" \/>\n\t<meta name=\"twitter:data1\" content=\"Comunicaci\u00f3n Cemtro\" \/>\n\t<meta name=\"twitter:label2\" content=\"Est. reading time\" \/>\n\t<meta name=\"twitter:data2\" content=\"1 minute\" \/>\n<script type=\"application\/ld+json\" class=\"yoast-schema-graph\">{\"@context\":\"https:\\\/\\\/schema.org\",\"@graph\":[{\"@type\":\"Article\",\"@id\":\"https:\\\/\\\/www.clinicacemtro.com\\\/en\\\/a-tu-salud-mejor-clinica-privada-traumatologia\\\/#article\",\"isPartOf\":{\"@id\":\"https:\\\/\\\/www.clinicacemtro.com\\\/en\\\/a-tu-salud-mejor-clinica-privada-traumatologia\\\/\"},\"author\":{\"name\":\"Comunicaci\u00f3n Cemtro\",\"@id\":\"https:\\\/\\\/www.clinicacemtro.com\\\/en\\\/#\\\/schema\\\/person\\\/c5c00f21986e4bc9f0ad75977dce6042\"},\"headline\":\"Cl\u00ednica CEMTRO, mejor cl\u00ednica privada en Traumatolog\u00eda en los VIII Premios &#8216;A Tu Salud&#8217;\",\"datePublished\":\"2019-06-25T13:11:36+00:00\",\"dateModified\":\"2019-09-18T14:19:44+00:00\",\"mainEntityOfPage\":{\"@id\":\"https:\\\/\\\/www.clinicacemtro.com\\\/en\\\/a-tu-salud-mejor-clinica-privada-traumatologia\\\/\"},\"wordCount\":197,\"commentCount\":0,\"image\":{\"@id\":\"https:\\\/\\\/www.clinicacemtro.com\\\/en\\\/a-tu-salud-mejor-clinica-privada-traumatologia\\\/#primaryimage\"},\"thumbnailUrl\":\"https:\\\/\\\/www.clinicacemtro.com\\\/wp-content\\\/uploads\\\/2019\\\/06\\\/Noticias-WEB-1-2.png\",\"keywords\":[\"traumatologia\"],\"articleSection\":[\"Noticias\"],\"inLanguage\":\"en-US\",\"potentialAction\":[{\"@type\":\"CommentAction\",\"name\":\"Comment\",\"target\":[\"https:\\\/\\\/www.clinicacemtro.com\\\/en\\\/a-tu-salud-mejor-clinica-privada-traumatologia\\\/#respond\"]}]},{\"@type\":\"WebPage\",\"@id\":\"https:\\\/\\\/www.clinicacemtro.com\\\/en\\\/a-tu-salud-mejor-clinica-privada-traumatologia\\\/\",\"url\":\"https:\\\/\\\/www.clinicacemtro.com\\\/en\\\/a-tu-salud-mejor-clinica-privada-traumatologia\\\/\",\"name\":\"Mejor Cl\u00ednica Traumatolog\u00eda - Cl\u00ednica CEMTRO\",\"isPartOf\":{\"@id\":\"https:\\\/\\\/www.clinicacemtro.com\\\/en\\\/#website\"},\"primaryImageOfPage\":{\"@id\":\"https:\\\/\\\/www.clinicacemtro.com\\\/en\\\/a-tu-salud-mejor-clinica-privada-traumatologia\\\/#primaryimage\"},\"image\":{\"@id\":\"https:\\\/\\\/www.clinicacemtro.com\\\/en\\\/a-tu-salud-mejor-clinica-privada-traumatologia\\\/#primaryimage\"},\"thumbnailUrl\":\"https:\\\/\\\/www.clinicacemtro.com\\\/wp-content\\\/uploads\\\/2019\\\/06\\\/Noticias-WEB-1-2.png\",\"datePublished\":\"2019-06-25T13:11:36+00:00\",\"dateModified\":\"2019-09-18T14:19:44+00:00\",\"author\":{\"@id\":\"https:\\\/\\\/www.clinicacemtro.com\\\/en\\\/#\\\/schema\\\/person\\\/c5c00f21986e4bc9f0ad75977dce6042\"},\"description\":\"Los VIII Premios 'A Tu Salud' del diario La Raz\u00f3n han reconocido a Cl\u00ednica CEMTRO como la Mejor Cl\u00ednica Traumatolog\u00eda privada.\",\"inLanguage\":\"en-US\",\"potentialAction\":[{\"@type\":\"ReadAction\",\"target\":[\"https:\\\/\\\/www.clinicacemtro.com\\\/en\\\/a-tu-salud-mejor-clinica-privada-traumatologia\\\/\"]}]},{\"@type\":\"ImageObject\",\"inLanguage\":\"en-US\",\"@id\":\"https:\\\/\\\/www.clinicacemtro.com\\\/en\\\/a-tu-salud-mejor-clinica-privada-traumatologia\\\/#primaryimage\",\"url\":\"https:\\\/\\\/www.clinicacemtro.com\\\/wp-content\\\/uploads\\\/2019\\\/06\\\/Noticias-WEB-1-2.png\",\"contentUrl\":\"https:\\\/\\\/www.clinicacemtro.com\\\/wp-content\\\/uploads\\\/2019\\\/06\\\/Noticias-WEB-1-2.png\",\"width\":600,\"height\":400,\"caption\":\"Premios A tu Salud\"},{\"@type\":\"WebSite\",\"@id\":\"https:\\\/\\\/www.clinicacemtro.com\\\/en\\\/#website\",\"url\":\"https:\\\/\\\/www.clinicacemtro.com\\\/en\\\/\",\"name\":\"Cl\u00ednica CEMTRO\",\"description\":\"\",\"alternateName\":\"Cl\u00ednica CEMTRO\",\"potentialAction\":[{\"@type\":\"SearchAction\",\"target\":{\"@type\":\"EntryPoint\",\"urlTemplate\":\"https:\\\/\\\/www.clinicacemtro.com\\\/en\\\/?s={search_term_string}\"},\"query-input\":{\"@type\":\"PropertyValueSpecification\",\"valueRequired\":true,\"valueName\":\"search_term_string\"}}],\"inLanguage\":\"en-US\"},{\"@type\":\"Person\",\"@id\":\"https:\\\/\\\/www.clinicacemtro.com\\\/en\\\/#\\\/schema\\\/person\\\/c5c00f21986e4bc9f0ad75977dce6042\",\"name\":\"Comunicaci\u00f3n Cemtro\",\"url\":\"https:\\\/\\\/www.clinicacemtro.com\\\/en\\\/author\\\/comucemtro\\\/\"}]}<\/script>\n<!-- \/ Yoast SEO plugin. -->","yoast_head_json":{"title":"Mejor Cl\u00ednica Traumatolog\u00eda - Cl\u00ednica CEMTRO","description":"Los VIII Premios 'A Tu Salud' del diario La Raz\u00f3n han reconocido a Cl\u00ednica CEMTRO como la Mejor Cl\u00ednica Traumatolog\u00eda privada.","robots":{"index":"index","follow":"follow","max-snippet":"max-snippet:-1","max-image-preview":"max-image-preview:large","max-video-preview":"max-video-preview:-1"},"canonical":"https:\/\/www.clinicacemtro.com\/en\/a-tu-salud-mejor-clinica-privada-traumatologia\/","og_locale":"en_US","og_type":"article","og_title":"Mejor Cl\u00ednica Traumatolog\u00eda - Cl\u00ednica CEMTRO","og_description":"Los VIII Premios 'A Tu Salud' del diario La Raz\u00f3n han reconocido a Cl\u00ednica CEMTRO como la Mejor Cl\u00ednica Traumatolog\u00eda privada.","og_url":"https:\/\/www.clinicacemtro.com\/en\/a-tu-salud-mejor-clinica-privada-traumatologia\/","og_site_name":"Cl\u00ednica CEMTRO","article_published_time":"2019-06-25T13:11:36+00:00","article_modified_time":"2019-09-18T14:19:44+00:00","og_image":[{"width":600,"height":400,"url":"https:\/\/www.clinicacemtro.com\/wp-content\/uploads\/2019\/06\/Noticias-WEB-1-2.png","type":"image\/png"}],"author":"Comunicaci\u00f3n Cemtro","twitter_card":"summary_large_image","twitter_misc":{"Written by":"Comunicaci\u00f3n Cemtro","Est. reading time":"1 minute"},"schema":{"@context":"https:\/\/schema.org","@graph":[{"@type":"Article","@id":"https:\/\/www.clinicacemtro.com\/en\/a-tu-salud-mejor-clinica-privada-traumatologia\/#article","isPartOf":{"@id":"https:\/\/www.clinicacemtro.com\/en\/a-tu-salud-mejor-clinica-privada-traumatologia\/"},"author":{"name":"Comunicaci\u00f3n Cemtro","@id":"https:\/\/www.clinicacemtro.com\/en\/#\/schema\/person\/c5c00f21986e4bc9f0ad75977dce6042"},"headline":"Cl\u00ednica CEMTRO, mejor cl\u00ednica privada en Traumatolog\u00eda en los VIII Premios &#8216;A Tu Salud&#8217;","datePublished":"2019-06-25T13:11:36+00:00","dateModified":"2019-09-18T14:19:44+00:00","mainEntityOfPage":{"@id":"https:\/\/www.clinicacemtro.com\/en\/a-tu-salud-mejor-clinica-privada-traumatologia\/"},"wordCount":197,"commentCount":0,"image":{"@id":"https:\/\/www.clinicacemtro.com\/en\/a-tu-salud-mejor-clinica-privada-traumatologia\/#primaryimage"},"thumbnailUrl":"https:\/\/www.clinicacemtro.com\/wp-content\/uploads\/2019\/06\/Noticias-WEB-1-2.png","keywords":["traumatologia"],"articleSection":["Noticias"],"inLanguage":"en-US","potentialAction":[{"@type":"CommentAction","name":"Comment","target":["https:\/\/www.clinicacemtro.com\/en\/a-tu-salud-mejor-clinica-privada-traumatologia\/#respond"]}]},{"@type":"WebPage","@id":"https:\/\/www.clinicacemtro.com\/en\/a-tu-salud-mejor-clinica-privada-traumatologia\/","url":"https:\/\/www.clinicacemtro.com\/en\/a-tu-salud-mejor-clinica-privada-traumatologia\/","name":"Mejor Cl\u00ednica Traumatolog\u00eda - Cl\u00ednica CEMTRO","isPartOf":{"@id":"https:\/\/www.clinicacemtro.com\/en\/#website"},"primaryImageOfPage":{"@id":"https:\/\/www.clinicacemtro.com\/en\/a-tu-salud-mejor-clinica-privada-traumatologia\/#primaryimage"},"image":{"@id":"https:\/\/www.clinicacemtro.com\/en\/a-tu-salud-mejor-clinica-privada-traumatologia\/#primaryimage"},"thumbnailUrl":"https:\/\/www.clinicacemtro.com\/wp-content\/uploads\/2019\/06\/Noticias-WEB-1-2.png","datePublished":"2019-06-25T13:11:36+00:00","dateModified":"2019-09-18T14:19:44+00:00","author":{"@id":"https:\/\/www.clinicacemtro.com\/en\/#\/schema\/person\/c5c00f21986e4bc9f0ad75977dce6042"},"description":"Los VIII Premios 'A Tu Salud' del diario La Raz\u00f3n han reconocido a Cl\u00ednica CEMTRO como la Mejor Cl\u00ednica Traumatolog\u00eda privada.","inLanguage":"en-US","potentialAction":[{"@type":"ReadAction","target":["https:\/\/www.clinicacemtro.com\/en\/a-tu-salud-mejor-clinica-privada-traumatologia\/"]}]},{"@type":"ImageObject","inLanguage":"en-US","@id":"https:\/\/www.clinicacemtro.com\/en\/a-tu-salud-mejor-clinica-privada-traumatologia\/#primaryimage","url":"https:\/\/www.clinicacemtro.com\/wp-content\/uploads\/2019\/06\/Noticias-WEB-1-2.png","contentUrl":"https:\/\/www.clinicacemtro.com\/wp-content\/uploads\/2019\/06\/Noticias-WEB-1-2.png","width":600,"height":400,"caption":"Premios A tu Salud"},{"@type":"WebSite","@id":"https:\/\/www.clinicacemtro.com\/en\/#website","url":"https:\/\/www.clinicacemtro.com\/en\/","name":"Cl\u00ednica CEMTRO","description":"","alternateName":"Cl\u00ednica CEMTRO","potentialAction":[{"@type":"SearchAction","target":{"@type":"EntryPoint","urlTemplate":"https:\/\/www.clinicacemtro.com\/en\/?s={search_term_string}"},"query-input":{"@type":"PropertyValueSpecification","valueRequired":true,"valueName":"search_term_string"}}],"inLanguage":"en-US"},{"@type":"Person","@id":"https:\/\/www.clinicacemtro.com\/en\/#\/schema\/person\/c5c00f21986e4bc9f0ad75977dce6042","name":"Comunicaci\u00f3n Cemtro","url":"https:\/\/www.clinicacemtro.com\/en\/author\/comucemtro\/"}]}},"post_mailing_queue_ids":[],"_links":{"self":[{"href":"https:\/\/www.clinicacemtro.com\/en\/wp-json\/wp\/v2\/posts\/15983","targetHints":{"allow":["GET"]}}],"collection":[{"href":"https:\/\/www.clinicacemtro.com\/en\/wp-json\/wp\/v2\/posts"}],"about":[{"href":"https:\/\/www.clinicacemtro.com\/en\/wp-json\/wp\/v2\/types\/post"}],"author":[{"embeddable":true,"href":"https:\/\/www.clinicacemtro.com\/en\/wp-json\/wp\/v2\/users\/2"}],"replies":[{"embeddable":true,"href":"https:\/\/www.clinicacemtro.com\/en\/wp-json\/wp\/v2\/comments?post=15983"}],"version-history":[{"count":0,"href":"https:\/\/www.clinicacemtro.com\/en\/wp-json\/wp\/v2\/posts\/15983\/revisions"}],"wp:featuredmedia":[{"embeddable":true,"href":"https:\/\/www.clinicacemtro.com\/en\/wp-json\/wp\/v2\/media\/16021"}],"wp:attachment":[{"href":"https:\/\/www.clinicacemtro.com\/en\/wp-json\/wp\/v2\/media?parent=15983"}],"wp:term":[{"taxonomy":"category","embeddable":true,"href":"https:\/\/www.clinicacemtro.com\/en\/wp-json\/wp\/v2\/categories?post=15983"},{"taxonomy":"post_tag","embeddable":true,"href":"https:\/\/www.clinicacemtro.com\/en\/wp-json\/wp\/v2\/tags?post=15983"}],"curies":[{"name":"wp","href":"https:\/\/api.w.org\/{rel}","templated":true}]}}