{"id":15763,"date":"2019-06-17T15:02:13","date_gmt":"2019-06-17T15:02:13","guid":{"rendered":"https:\/\/clinicacemtro.com\/el-diagnostico-precoz-de-la-displasia-de-cadera-es-imprescindible-en-el-pronostico-del-nino\/"},"modified":"2025-06-26T09:17:56","modified_gmt":"2025-06-26T07:17:56","slug":"diagnostico-precoz-displasia-cadera-imprescindible-pronostico-nino","status":"publish","type":"post","link":"https:\/\/www.clinicacemtro.com\/en\/diagnostico-precoz-displasia-cadera-imprescindible-pronostico-nino\/","title":{"rendered":"El diagn\u00f3stico precoz de la displasia de cadera es imprescindible en el pron\u00f3stico del ni\u00f1o"},"content":{"rendered":"<section class=\"l-section wpb_row height_medium\"><div class=\"l-section-h i-cf\"><div class=\"g-cols vc_row via_flex valign_top type_default stacking_default\"><div class=\"vc_col-sm-12 wpb_column vc_column_container\"><div class=\"vc_column-inner\"><div class=\"wpb_wrapper\"><div class=\"wpb_text_column\"><div class=\"wpb_wrapper\"><p>En la displasia de cadera, <strong>el diagn\u00f3stico precoz supone un importante cambio en el pron\u00f3stico del ni\u00f1o<\/strong>, ya que el n\u00famero de cirug\u00edas aumenta y los resultados empeoran si el diagn\u00f3stico es tard\u00edo, seg\u00fan aseguran los expertos reunidos hoy en el I Curso Flashcards en <a href=\"https:\/\/www.clinicacemtro.com\/traumatologia\/unidad-de-traumatologia-infantil\/\" target=\"_blank\" rel=\"noopener\">Traumatolog\u00eda Infantil<\/a> celebrado en la <a href=\"https:\/\/www.clinicacemtro.com\/\" target=\"_blank\" rel=\"noopener\">Cl\u00ednica CEMTRO de Madrid.<\/a><\/p>\n<p>La Jornada ha sido inaugurada por el <strong>Dr. Pedro Guill\u00e9n<\/strong>, Fundador de la Cl\u00ednica CEMTRO, el <strong>Dr. \u00c1ngel Galindo<\/strong>, Director M\u00e9dico de la Cl\u00ednica CEMTRO, la<strong> Dra. Anabel Cristina de la Torre<\/strong>, Vicepresidenta de la Sociedad de Pediatr\u00eda de Madrid y Castilla la Mancha y Jefa de <a href=\"https:\/\/www.clinicacemtro.com\/otras-especialidades\/pediatria\/\" target=\"_blank\" rel=\"noopener\">Pediatr\u00eda<\/a> del mismo hospital y el <strong>Dr. Juan Cabello Blanco<\/strong>, Director del Curso y miembro del equipo de <a href=\"https:\/\/www.clinicacemtro.com\/traumatologia\/unidad-de-traumatologia-infantil\/\" target=\"_blank\" rel=\"noopener\">Traumatolog\u00eda Infantil de Cl\u00ednica CEMTRO<\/a>.<\/p>\n<p><img loading=\"lazy\" decoding=\"async\" class=\"aligncenter wp-image-15939 size-full\" title=\"Diagnostico_Displasia_Cadera_Infantil\" src=\"https:\/\/www.clinicacemtro.com\/wp-content\/uploads\/2019\/06\/Diagnostico_displasia_cadera_infantil.jpg\" alt=\"Diagnostico Displasia Cadera Infantil\" width=\"1000\" height=\"714\" srcset=\"https:\/\/www.clinicacemtro.com\/wp-content\/uploads\/2019\/06\/Diagnostico_displasia_cadera_infantil.jpg 1000w, https:\/\/www.clinicacemtro.com\/wp-content\/uploads\/2019\/06\/Diagnostico_displasia_cadera_infantil-600x428.jpg 600w, https:\/\/www.clinicacemtro.com\/wp-content\/uploads\/2019\/06\/Diagnostico_displasia_cadera_infantil-300x214.jpg 300w, https:\/\/www.clinicacemtro.com\/wp-content\/uploads\/2019\/06\/Diagnostico_displasia_cadera_infantil-768x548.jpg 768w\" sizes=\"auto, (max-width: 1000px) 100vw, 1000px\" \/><\/p>\n<p><em>\u201cEs importante que no exista un divorcio entre la pediatr\u00eda y la traumatolog\u00eda infantil porque el que pierde siempre es el enfermo\u201d<\/em>, ha concluido el <a href=\"https:\/\/www.clinicacemtro.com\/quienes-somos\/#prof-guillen\" target=\"_blank\" rel=\"noopener\">Dr. Pedro Guill\u00e9n<\/a>. Por su parte, el Dr. Cabello Blanco ha destacado los tres objetivos de este Flashcards: <em>\u201csaber <strong>qu\u00e9 no puede pasar desapercibido para los pediatras<\/strong>; conocer las claves de la traumatolog\u00eda infantil para <strong>cambiar el pron\u00f3stico funcional de los ni\u00f1os y ofrecer la mejor soluci\u00f3n para su patolog\u00eda<\/strong>\u201d<\/em>.<\/p>\n<p>Uno de los temas m\u00e1s importantes del Curso ha sido la displasia de cadera en el reci\u00e9n nacido. Una alteraci\u00f3n que, <strong>seg\u00fan la <a href=\"https:\/\/sepeap.org\/\" target=\"_blank\" rel=\"noopener\">Sociedad Espa\u00f1ola de Pediatr\u00eda Extrahospitalaria y Atenci\u00f3n Primaria<\/a>, tiene una incidencia de un 1-7%<\/strong>. Es m\u00e1s com\u00fan en ni\u00f1as primog\u00e9nitas y como factores de riesgo principales est\u00e1n la posici\u00f3n pod\u00e1lica intra\u00fatero y tener antecedentes familiares.<\/p>\n<p><a href=\"https:\/\/www.ncbi.nlm.nih.gov\/pubmed\/15330030\" target=\"_blank\" rel=\"noopener\">Seg\u00fan un estudio publicado en la revista The Bone &amp; Joint Journal<\/a>, la luxaci\u00f3n cong\u00e9nita de cadera no tratada conduce a una enfermedad articular degenerativa temprana. <em>\u201cEl 22% de los pacientes tratados en el primer a\u00f1o de vida desarrollar\u00e1n displasia residual. Sin embargo, este porcentaje aumenta al 32% entre el primer y segundo a\u00f1o y al 64% en ni\u00f1os mayores de 2 a\u00f1os.<\/em><\/p>\n<p><img loading=\"lazy\" decoding=\"async\" class=\"aligncenter wp-image-15943 size-full\" title=\"Juan_Cabello_Traumatologia_Infantil\" src=\"https:\/\/www.clinicacemtro.com\/wp-content\/uploads\/2019\/06\/Juan_Cabello_Traumatologia_Infantil.jpg\" alt=\"Juan Cabello Traumatologia Infantil\" width=\"1000\" height=\"714\" srcset=\"https:\/\/www.clinicacemtro.com\/wp-content\/uploads\/2019\/06\/Juan_Cabello_Traumatologia_Infantil.jpg 1000w, https:\/\/www.clinicacemtro.com\/wp-content\/uploads\/2019\/06\/Juan_Cabello_Traumatologia_Infantil-600x428.jpg 600w, https:\/\/www.clinicacemtro.com\/wp-content\/uploads\/2019\/06\/Juan_Cabello_Traumatologia_Infantil-300x214.jpg 300w, https:\/\/www.clinicacemtro.com\/wp-content\/uploads\/2019\/06\/Juan_Cabello_Traumatologia_Infantil-768x548.jpg 768w\" sizes=\"auto, (max-width: 1000px) 100vw, 1000px\" \/><\/p>\n<p><em>Esto implica que<strong> el n\u00famero de cirug\u00edas aumenta si el diagn\u00f3stico es tard\u00edo<\/strong>\u201d<\/em>, explica el Dr. Juan Cabello Blanco, director del curso y traumat\u00f3logo infantil de <a href=\"https:\/\/www.clinicacemtro.com\/\" target=\"_blank\" rel=\"noopener\">Cl\u00ednica CEMTRO.<\/a><\/p>\n<p>La primera atenci\u00f3n en la patolog\u00eda musculoesquel\u00e9tica infantil se realiza en las consultas de pediatr\u00eda, por ello es <strong>imprescindible que los traumat\u00f3logos infantiles ofrezcan formaci\u00f3n continuada a los pediatras<\/strong>. Esta es la raz\u00f3n que ha llevado al <a href=\"https:\/\/www.clinicacemtro.com\/traumatologia\/unidad-de-traumatologia-infantil\/\">Equipo de Traumatolog\u00eda Infantil de Cl\u00ednica CEMTRO<\/a> a organizar este curso dirigido a los pediatras y tambi\u00e9n a m\u00e9dicos de Servicios de Urgencias.<\/p>\n<p><img loading=\"lazy\" decoding=\"async\" class=\"aligncenter wp-image-15949 size-full\" title=\"Curso_Flashcards_Traumatologia_Infantil\" src=\"https:\/\/www.clinicacemtro.com\/wp-content\/uploads\/2019\/06\/Curso_Flashcards_Traumatologia_Infantil.jpg\" alt=\"Curso Flashcards Traumatologia Infantil\" width=\"1000\" height=\"1400\" srcset=\"https:\/\/www.clinicacemtro.com\/wp-content\/uploads\/2019\/06\/Curso_Flashcards_Traumatologia_Infantil.jpg 1000w, https:\/\/www.clinicacemtro.com\/wp-content\/uploads\/2019\/06\/Curso_Flashcards_Traumatologia_Infantil-600x840.jpg 600w, https:\/\/www.clinicacemtro.com\/wp-content\/uploads\/2019\/06\/Curso_Flashcards_Traumatologia_Infantil-214x300.jpg 214w, https:\/\/www.clinicacemtro.com\/wp-content\/uploads\/2019\/06\/Curso_Flashcards_Traumatologia_Infantil-768x1075.jpg 768w, https:\/\/www.clinicacemtro.com\/wp-content\/uploads\/2019\/06\/Curso_Flashcards_Traumatologia_Infantil-731x1024.jpg 731w\" sizes=\"auto, (max-width: 1000px) 100vw, 1000px\" \/><\/p>\n<p>Adem\u00e1s de la luxaci\u00f3n cong\u00e9nita de cadera, en el Curso se han tratado otras patolog\u00edas del<strong> reci\u00e9n nacido<\/strong>; la Enfermedad de Perthes o las fracturas de antebrazo de los <strong>ni\u00f1os en edad escolar<\/strong> y el bloque m\u00e1s extenso, dedicado al <strong>adolescente<\/strong>: las radiograf\u00edas en los traumatismos, los tumores \u00f3seos, la escoliosis ideop\u00e1tica, las lesiones deportivas, la apofisitis y la osteocondritis.<\/p>\n<p><em>\u201c<strong>Los pediatras no rotan por la especialidad de <a href=\"https:\/\/www.clinicacemtro.com\/traumatologia\/unidad-de-traumatologia-infantil\/\">traumatolog\u00eda infantil<\/a><\/strong> y sin embargo, estas patolog\u00edas suponen un porcentaje muy alto de las que ven en su consulta diaria. Es por ello que a los pediatras siempre les interesa la formaci\u00f3n en traumatolog\u00eda infantil\u201d<\/em>, ha concluido el Dr. Cabello Blanco sobre esta primera edici\u00f3n del Flashcards, que <strong>agot\u00f3 sus plazas a las 48 horas de abrir las inscripciones<\/strong>.<\/p>\n<p><iframe loading=\"lazy\" src=\"https:\/\/www.youtube.com\/embed\/3UMidPbTHw8\" width=\"800\" height=\"450\" frameborder=\"0\" allowfullscreen=\"allowfullscreen\"><span data-mce-type=\"bookmark\" style=\"display: inline-block; width: 0px; overflow: hidden; line-height: 0;\" class=\"mce_SELRES_start\">\ufeff<\/span><\/iframe><\/p>\n<\/div><\/div><\/div><\/div><\/div><\/div><\/div><\/section>\n","protected":false},"excerpt":{"rendered":"En la displasia de cadera, el diagn\u00f3stico precoz supone un importante cambio en el pron\u00f3stico del ni\u00f1o, ya que el n\u00famero de cirug\u00edas aumenta y los resultados empeoran si el diagn\u00f3stico es tard\u00edo, seg\u00fan aseguran los expertos reunidos hoy en el I Curso Flashcards en Traumatolog\u00eda Infantil celebrado en la Cl\u00ednica CEMTRO de Madrid. La...","protected":false},"author":2,"featured_media":15946,"comment_status":"open","ping_status":"open","sticky":false,"template":"","format":"standard","meta":{"inline_featured_image":false,"footnotes":""},"categories":[49],"tags":[659,574],"class_list":["post-15763","post","type-post","status-publish","format-standard","has-post-thumbnail","hentry","category-noticias","tag-displasia-de-cadera","tag-traumatologia-infantil"],"acf":[],"yoast_head":"<!-- This site is optimized with the Yoast SEO plugin v27.3 - https:\/\/yoast.com\/product\/yoast-seo-wordpress\/ -->\n<title>Curso Flashcards Traumatolog\u00eda Infantil - Cl\u00ednica CEMTRO<\/title>\n<meta name=\"description\" content=\"La displasia de cadera infantil fue uno de los temas principales del I Curso Flashcards Traumatolog\u00eda Infantil elaborado por Cl\u00ednica CEMTRO.\" \/>\n<meta name=\"robots\" content=\"index, follow, max-snippet:-1, max-image-preview:large, max-video-preview:-1\" \/>\n<link rel=\"canonical\" href=\"https:\/\/www.clinicacemtro.com\/diagnostico-precoz-displasia-cadera-imprescindible-pronostico-nino\/\" \/>\n<meta property=\"og:locale\" content=\"en_US\" \/>\n<meta property=\"og:type\" content=\"article\" \/>\n<meta property=\"og:title\" content=\"Curso Flashcards Traumatolog\u00eda Infantil - Cl\u00ednica CEMTRO\" \/>\n<meta property=\"og:description\" content=\"La displasia de cadera infantil fue uno de los temas principales del I Curso Flashcards Traumatolog\u00eda Infantil elaborado por Cl\u00ednica CEMTRO.\" \/>\n<meta property=\"og:url\" content=\"https:\/\/www.clinicacemtro.com\/diagnostico-precoz-displasia-cadera-imprescindible-pronostico-nino\/\" \/>\n<meta property=\"og:site_name\" content=\"Cl\u00ednica CEMTRO\" \/>\n<meta property=\"article:published_time\" content=\"2019-06-17T15:02:13+00:00\" \/>\n<meta property=\"article:modified_time\" content=\"2025-06-26T07:17:56+00:00\" \/>\n<meta property=\"og:image\" content=\"https:\/\/www.clinicacemtro.com\/wp-content\/uploads\/2019\/06\/Juan_Cabello_Displasia_Cadera_Infantil.png\" \/>\n\t<meta property=\"og:image:width\" content=\"600\" \/>\n\t<meta property=\"og:image:height\" content=\"400\" \/>\n\t<meta property=\"og:image:type\" content=\"image\/png\" \/>\n<meta name=\"author\" content=\"Comunicaci\u00f3n Cemtro\" \/>\n<meta name=\"twitter:card\" content=\"summary_large_image\" \/>\n<meta name=\"twitter:label1\" content=\"Written by\" \/>\n\t<meta name=\"twitter:data1\" content=\"Comunicaci\u00f3n Cemtro\" \/>\n\t<meta name=\"twitter:label2\" content=\"Est. reading time\" \/>\n\t<meta name=\"twitter:data2\" content=\"3 minutes\" \/>\n<script type=\"application\/ld+json\" class=\"yoast-schema-graph\">{\"@context\":\"https:\\\/\\\/schema.org\",\"@graph\":[{\"@type\":\"Article\",\"@id\":\"https:\\\/\\\/www.clinicacemtro.com\\\/diagnostico-precoz-displasia-cadera-imprescindible-pronostico-nino\\\/#article\",\"isPartOf\":{\"@id\":\"https:\\\/\\\/www.clinicacemtro.com\\\/diagnostico-precoz-displasia-cadera-imprescindible-pronostico-nino\\\/\"},\"author\":{\"name\":\"Comunicaci\u00f3n Cemtro\",\"@id\":\"https:\\\/\\\/www.clinicacemtro.com\\\/en\\\/#\\\/schema\\\/person\\\/c5c00f21986e4bc9f0ad75977dce6042\"},\"headline\":\"El diagn\u00f3stico precoz de la displasia de cadera es imprescindible en el pron\u00f3stico del ni\u00f1o\",\"datePublished\":\"2019-06-17T15:02:13+00:00\",\"dateModified\":\"2025-06-26T07:17:56+00:00\",\"mainEntityOfPage\":{\"@id\":\"https:\\\/\\\/www.clinicacemtro.com\\\/diagnostico-precoz-displasia-cadera-imprescindible-pronostico-nino\\\/\"},\"wordCount\":642,\"commentCount\":0,\"image\":{\"@id\":\"https:\\\/\\\/www.clinicacemtro.com\\\/diagnostico-precoz-displasia-cadera-imprescindible-pronostico-nino\\\/#primaryimage\"},\"thumbnailUrl\":\"https:\\\/\\\/www.clinicacemtro.com\\\/wp-content\\\/uploads\\\/2019\\\/06\\\/Juan_Cabello_Displasia_Cadera_Infantil.png\",\"keywords\":[\"displasia de cadera\",\"traumatolog\u00eda infantil\"],\"articleSection\":[\"Noticias\"],\"inLanguage\":\"en-US\",\"potentialAction\":[{\"@type\":\"CommentAction\",\"name\":\"Comment\",\"target\":[\"https:\\\/\\\/www.clinicacemtro.com\\\/diagnostico-precoz-displasia-cadera-imprescindible-pronostico-nino\\\/#respond\"]}]},{\"@type\":\"WebPage\",\"@id\":\"https:\\\/\\\/www.clinicacemtro.com\\\/diagnostico-precoz-displasia-cadera-imprescindible-pronostico-nino\\\/\",\"url\":\"https:\\\/\\\/www.clinicacemtro.com\\\/diagnostico-precoz-displasia-cadera-imprescindible-pronostico-nino\\\/\",\"name\":\"Curso Flashcards Traumatolog\u00eda Infantil - Cl\u00ednica CEMTRO\",\"isPartOf\":{\"@id\":\"https:\\\/\\\/www.clinicacemtro.com\\\/en\\\/#website\"},\"primaryImageOfPage\":{\"@id\":\"https:\\\/\\\/www.clinicacemtro.com\\\/diagnostico-precoz-displasia-cadera-imprescindible-pronostico-nino\\\/#primaryimage\"},\"image\":{\"@id\":\"https:\\\/\\\/www.clinicacemtro.com\\\/diagnostico-precoz-displasia-cadera-imprescindible-pronostico-nino\\\/#primaryimage\"},\"thumbnailUrl\":\"https:\\\/\\\/www.clinicacemtro.com\\\/wp-content\\\/uploads\\\/2019\\\/06\\\/Juan_Cabello_Displasia_Cadera_Infantil.png\",\"datePublished\":\"2019-06-17T15:02:13+00:00\",\"dateModified\":\"2025-06-26T07:17:56+00:00\",\"author\":{\"@id\":\"https:\\\/\\\/www.clinicacemtro.com\\\/en\\\/#\\\/schema\\\/person\\\/c5c00f21986e4bc9f0ad75977dce6042\"},\"description\":\"La displasia de cadera infantil fue uno de los temas principales del I Curso Flashcards Traumatolog\u00eda Infantil elaborado por Cl\u00ednica CEMTRO.\",\"inLanguage\":\"en-US\",\"potentialAction\":[{\"@type\":\"ReadAction\",\"target\":[\"https:\\\/\\\/www.clinicacemtro.com\\\/diagnostico-precoz-displasia-cadera-imprescindible-pronostico-nino\\\/\"]}]},{\"@type\":\"ImageObject\",\"inLanguage\":\"en-US\",\"@id\":\"https:\\\/\\\/www.clinicacemtro.com\\\/diagnostico-precoz-displasia-cadera-imprescindible-pronostico-nino\\\/#primaryimage\",\"url\":\"https:\\\/\\\/www.clinicacemtro.com\\\/wp-content\\\/uploads\\\/2019\\\/06\\\/Juan_Cabello_Displasia_Cadera_Infantil.png\",\"contentUrl\":\"https:\\\/\\\/www.clinicacemtro.com\\\/wp-content\\\/uploads\\\/2019\\\/06\\\/Juan_Cabello_Displasia_Cadera_Infantil.png\",\"width\":600,\"height\":400,\"caption\":\"Juan Cabello Displasia Cadera Infantil\"},{\"@type\":\"WebSite\",\"@id\":\"https:\\\/\\\/www.clinicacemtro.com\\\/en\\\/#website\",\"url\":\"https:\\\/\\\/www.clinicacemtro.com\\\/en\\\/\",\"name\":\"Cl\u00ednica CEMTRO\",\"description\":\"\",\"alternateName\":\"Cl\u00ednica CEMTRO\",\"potentialAction\":[{\"@type\":\"SearchAction\",\"target\":{\"@type\":\"EntryPoint\",\"urlTemplate\":\"https:\\\/\\\/www.clinicacemtro.com\\\/en\\\/?s={search_term_string}\"},\"query-input\":{\"@type\":\"PropertyValueSpecification\",\"valueRequired\":true,\"valueName\":\"search_term_string\"}}],\"inLanguage\":\"en-US\"},{\"@type\":\"Person\",\"@id\":\"https:\\\/\\\/www.clinicacemtro.com\\\/en\\\/#\\\/schema\\\/person\\\/c5c00f21986e4bc9f0ad75977dce6042\",\"name\":\"Comunicaci\u00f3n Cemtro\",\"url\":\"https:\\\/\\\/www.clinicacemtro.com\\\/en\\\/author\\\/comucemtro\\\/\"}]}<\/script>\n<!-- \/ Yoast SEO plugin. -->","yoast_head_json":{"title":"Curso Flashcards Traumatolog\u00eda Infantil - Cl\u00ednica CEMTRO","description":"La displasia de cadera infantil fue uno de los temas principales del I Curso Flashcards Traumatolog\u00eda Infantil elaborado por Cl\u00ednica CEMTRO.","robots":{"index":"index","follow":"follow","max-snippet":"max-snippet:-1","max-image-preview":"max-image-preview:large","max-video-preview":"max-video-preview:-1"},"canonical":"https:\/\/www.clinicacemtro.com\/diagnostico-precoz-displasia-cadera-imprescindible-pronostico-nino\/","og_locale":"en_US","og_type":"article","og_title":"Curso Flashcards Traumatolog\u00eda Infantil - Cl\u00ednica CEMTRO","og_description":"La displasia de cadera infantil fue uno de los temas principales del I Curso Flashcards Traumatolog\u00eda Infantil elaborado por Cl\u00ednica CEMTRO.","og_url":"https:\/\/www.clinicacemtro.com\/diagnostico-precoz-displasia-cadera-imprescindible-pronostico-nino\/","og_site_name":"Cl\u00ednica CEMTRO","article_published_time":"2019-06-17T15:02:13+00:00","article_modified_time":"2025-06-26T07:17:56+00:00","og_image":[{"width":600,"height":400,"url":"https:\/\/www.clinicacemtro.com\/wp-content\/uploads\/2019\/06\/Juan_Cabello_Displasia_Cadera_Infantil.png","type":"image\/png"}],"author":"Comunicaci\u00f3n Cemtro","twitter_card":"summary_large_image","twitter_misc":{"Written by":"Comunicaci\u00f3n Cemtro","Est. reading time":"3 minutes"},"schema":{"@context":"https:\/\/schema.org","@graph":[{"@type":"Article","@id":"https:\/\/www.clinicacemtro.com\/diagnostico-precoz-displasia-cadera-imprescindible-pronostico-nino\/#article","isPartOf":{"@id":"https:\/\/www.clinicacemtro.com\/diagnostico-precoz-displasia-cadera-imprescindible-pronostico-nino\/"},"author":{"name":"Comunicaci\u00f3n Cemtro","@id":"https:\/\/www.clinicacemtro.com\/en\/#\/schema\/person\/c5c00f21986e4bc9f0ad75977dce6042"},"headline":"El diagn\u00f3stico precoz de la displasia de cadera es imprescindible en el pron\u00f3stico del ni\u00f1o","datePublished":"2019-06-17T15:02:13+00:00","dateModified":"2025-06-26T07:17:56+00:00","mainEntityOfPage":{"@id":"https:\/\/www.clinicacemtro.com\/diagnostico-precoz-displasia-cadera-imprescindible-pronostico-nino\/"},"wordCount":642,"commentCount":0,"image":{"@id":"https:\/\/www.clinicacemtro.com\/diagnostico-precoz-displasia-cadera-imprescindible-pronostico-nino\/#primaryimage"},"thumbnailUrl":"https:\/\/www.clinicacemtro.com\/wp-content\/uploads\/2019\/06\/Juan_Cabello_Displasia_Cadera_Infantil.png","keywords":["displasia de cadera","traumatolog\u00eda infantil"],"articleSection":["Noticias"],"inLanguage":"en-US","potentialAction":[{"@type":"CommentAction","name":"Comment","target":["https:\/\/www.clinicacemtro.com\/diagnostico-precoz-displasia-cadera-imprescindible-pronostico-nino\/#respond"]}]},{"@type":"WebPage","@id":"https:\/\/www.clinicacemtro.com\/diagnostico-precoz-displasia-cadera-imprescindible-pronostico-nino\/","url":"https:\/\/www.clinicacemtro.com\/diagnostico-precoz-displasia-cadera-imprescindible-pronostico-nino\/","name":"Curso Flashcards Traumatolog\u00eda Infantil - Cl\u00ednica CEMTRO","isPartOf":{"@id":"https:\/\/www.clinicacemtro.com\/en\/#website"},"primaryImageOfPage":{"@id":"https:\/\/www.clinicacemtro.com\/diagnostico-precoz-displasia-cadera-imprescindible-pronostico-nino\/#primaryimage"},"image":{"@id":"https:\/\/www.clinicacemtro.com\/diagnostico-precoz-displasia-cadera-imprescindible-pronostico-nino\/#primaryimage"},"thumbnailUrl":"https:\/\/www.clinicacemtro.com\/wp-content\/uploads\/2019\/06\/Juan_Cabello_Displasia_Cadera_Infantil.png","datePublished":"2019-06-17T15:02:13+00:00","dateModified":"2025-06-26T07:17:56+00:00","author":{"@id":"https:\/\/www.clinicacemtro.com\/en\/#\/schema\/person\/c5c00f21986e4bc9f0ad75977dce6042"},"description":"La displasia de cadera infantil fue uno de los temas principales del I Curso Flashcards Traumatolog\u00eda Infantil elaborado por Cl\u00ednica CEMTRO.","inLanguage":"en-US","potentialAction":[{"@type":"ReadAction","target":["https:\/\/www.clinicacemtro.com\/diagnostico-precoz-displasia-cadera-imprescindible-pronostico-nino\/"]}]},{"@type":"ImageObject","inLanguage":"en-US","@id":"https:\/\/www.clinicacemtro.com\/diagnostico-precoz-displasia-cadera-imprescindible-pronostico-nino\/#primaryimage","url":"https:\/\/www.clinicacemtro.com\/wp-content\/uploads\/2019\/06\/Juan_Cabello_Displasia_Cadera_Infantil.png","contentUrl":"https:\/\/www.clinicacemtro.com\/wp-content\/uploads\/2019\/06\/Juan_Cabello_Displasia_Cadera_Infantil.png","width":600,"height":400,"caption":"Juan Cabello Displasia Cadera Infantil"},{"@type":"WebSite","@id":"https:\/\/www.clinicacemtro.com\/en\/#website","url":"https:\/\/www.clinicacemtro.com\/en\/","name":"Cl\u00ednica CEMTRO","description":"","alternateName":"Cl\u00ednica CEMTRO","potentialAction":[{"@type":"SearchAction","target":{"@type":"EntryPoint","urlTemplate":"https:\/\/www.clinicacemtro.com\/en\/?s={search_term_string}"},"query-input":{"@type":"PropertyValueSpecification","valueRequired":true,"valueName":"search_term_string"}}],"inLanguage":"en-US"},{"@type":"Person","@id":"https:\/\/www.clinicacemtro.com\/en\/#\/schema\/person\/c5c00f21986e4bc9f0ad75977dce6042","name":"Comunicaci\u00f3n Cemtro","url":"https:\/\/www.clinicacemtro.com\/en\/author\/comucemtro\/"}]}},"post_mailing_queue_ids":[],"_links":{"self":[{"href":"https:\/\/www.clinicacemtro.com\/en\/wp-json\/wp\/v2\/posts\/15763","targetHints":{"allow":["GET"]}}],"collection":[{"href":"https:\/\/www.clinicacemtro.com\/en\/wp-json\/wp\/v2\/posts"}],"about":[{"href":"https:\/\/www.clinicacemtro.com\/en\/wp-json\/wp\/v2\/types\/post"}],"author":[{"embeddable":true,"href":"https:\/\/www.clinicacemtro.com\/en\/wp-json\/wp\/v2\/users\/2"}],"replies":[{"embeddable":true,"href":"https:\/\/www.clinicacemtro.com\/en\/wp-json\/wp\/v2\/comments?post=15763"}],"version-history":[{"count":2,"href":"https:\/\/www.clinicacemtro.com\/en\/wp-json\/wp\/v2\/posts\/15763\/revisions"}],"predecessor-version":[{"id":50420,"href":"https:\/\/www.clinicacemtro.com\/en\/wp-json\/wp\/v2\/posts\/15763\/revisions\/50420"}],"wp:featuredmedia":[{"embeddable":true,"href":"https:\/\/www.clinicacemtro.com\/en\/wp-json\/wp\/v2\/media\/15946"}],"wp:attachment":[{"href":"https:\/\/www.clinicacemtro.com\/en\/wp-json\/wp\/v2\/media?parent=15763"}],"wp:term":[{"taxonomy":"category","embeddable":true,"href":"https:\/\/www.clinicacemtro.com\/en\/wp-json\/wp\/v2\/categories?post=15763"},{"taxonomy":"post_tag","embeddable":true,"href":"https:\/\/www.clinicacemtro.com\/en\/wp-json\/wp\/v2\/tags?post=15763"}],"curies":[{"name":"wp","href":"https:\/\/api.w.org\/{rel}","templated":true}]}}