{"id":15716,"date":"2019-06-12T14:33:30","date_gmt":"2019-06-12T14:33:30","guid":{"rendered":"https:\/\/clinicacemtro.com\/?p=15716"},"modified":"2019-09-03T09:38:12","modified_gmt":"2019-09-03T09:38:12","slug":"dr-pedro-guillen-academico-numerario-ranm","status":"publish","type":"post","link":"https:\/\/www.clinicacemtro.com\/en\/dr-pedro-guillen-academico-numerario-ranm\/","title":{"rendered":"El Dr. Pedro Guill\u00e9n, Acad\u00e9mico Numerario de la RANM"},"content":{"rendered":"<p>El <a href=\"https:\/\/www.clinicacemtro.com\/en\/the-clinic\/#prof-guillen\" target=\"_blank\" rel=\"noopener\">Dr. Pedro Guill\u00e9n<\/a> ha sido nombrado Acad\u00e9mico de N\u00famero de la <a href=\"https:\/\/www.ranm.es\/\" target=\"_blank\" rel=\"noopener\">Real Academia Nacional de Medicina de Espa\u00f1a<\/a>, obteniendo la <strong>plaza en \u201cTraumatolog\u00eda y Cirug\u00eda Ortop\u00e9dica\u201d, <\/strong>correspondiente al Sill\u00f3n N\u00ba 39, por su reconocido prestigio, su dilatada experiencia y por haberse distinguido notablemente en el ejercicio de esta especialidad.<\/p>\n<p>La Real Academia Nacional de Medicina de Espa\u00f1a, instituci\u00f3n oficial cient\u00edfica espa\u00f1ola fundada en 1861, cuenta con <strong>50 sillones, representados por importantes especialistas en cada una de las ramas m\u00e9dicas.<\/strong><\/p>\n<p><img loading=\"lazy\" decoding=\"async\" class=\"aligncenter wp-image-15930 size-full\" title=\"Doctor_Guillen_Miembro_RAMN\" src=\"https:\/\/www.clinicacemtro.com\/wp-content\/uploads\/2019\/06\/Doctor_Guillen_Miembro_RANM.jpg\" alt=\"Doctor Guillen Miembro RAMN\" width=\"1000\" height=\"563\" srcset=\"https:\/\/www.clinicacemtro.com\/wp-content\/uploads\/2019\/06\/Doctor_Guillen_Miembro_RANM.jpg 1000w, https:\/\/www.clinicacemtro.com\/wp-content\/uploads\/2019\/06\/Doctor_Guillen_Miembro_RANM-600x338.jpg 600w, https:\/\/www.clinicacemtro.com\/wp-content\/uploads\/2019\/06\/Doctor_Guillen_Miembro_RANM-300x169.jpg 300w, https:\/\/www.clinicacemtro.com\/wp-content\/uploads\/2019\/06\/Doctor_Guillen_Miembro_RANM-768x432.jpg 768w\" sizes=\"auto, (max-width: 1000px) 100vw, 1000px\" \/><\/p>\n<p>El Prof. Pedro Guill\u00e9n, Jefe del <a href=\"https:\/\/www.clinicacemtro.com\/en\/traumatology\/\" target=\"_blank\" rel=\"noopener\">servicio de Traumatolog\u00eda en Cl\u00ednica CEMTRO<\/a>, est\u00e1 considerado como\u00a0<strong>uno de los traumat\u00f3logos m\u00e1s prestigiosos del mundo y un referente en traumatolog\u00eda deportiva, adem\u00e1s de un destacado investigador<\/strong>. Su carrera ha sido galardonada con numerosas condecoraciones; Acad\u00e9mico de la Real Academia Nacional de Medicina de Espa\u00f1a desde 1996, Acad\u00e9mico de Honor de la Real Academia Nacional de Farmacia desde 2016, doctor Honoris Causa de numerosas universidades nacionales e internacionales\u2026<\/p>\n<p>El Dr. Guill\u00e9n introdujo en 1977<strong>\u00a0la artroscopia en Espa\u00f1a<\/strong>. Ha sido\u00a0<strong>pionero en el desarrollo de esta t\u00e9cnica<\/strong>, de la que ha realizado m\u00e1s de 40.000 intervenciones. En 2007\u00a0<strong>invent\u00f3 el artroscopio sin cables<\/strong>\u00a0(<a href=\"http:\/\/wad-drguillen.com\/es\/inicio\/\" target=\"_blank\" rel=\"noopener\">WAD<\/a>), que reduce los tiempos de intervenci\u00f3n y posibilita la realizaci\u00f3n de cirug\u00edas fuera del quir\u00f3fano.<\/p>\n<p><img loading=\"lazy\" decoding=\"async\" class=\"aligncenter wp-image-15932 size-full\" title=\"Doctor_Guillen_Miembro_RAMN_Traumatologia\" src=\"https:\/\/www.clinicacemtro.com\/wp-content\/uploads\/2019\/06\/Doctor_Guillen_miembro_RAMN_Traumatologia.jpg\" alt=\"Doctor Guillen Miembro RAMN Traumatologia\" width=\"1000\" height=\"562\" srcset=\"https:\/\/www.clinicacemtro.com\/wp-content\/uploads\/2019\/06\/Doctor_Guillen_miembro_RAMN_Traumatologia.jpg 1000w, https:\/\/www.clinicacemtro.com\/wp-content\/uploads\/2019\/06\/Doctor_Guillen_miembro_RAMN_Traumatologia-600x337.jpg 600w, https:\/\/www.clinicacemtro.com\/wp-content\/uploads\/2019\/06\/Doctor_Guillen_miembro_RAMN_Traumatologia-300x169.jpg 300w, https:\/\/www.clinicacemtro.com\/wp-content\/uploads\/2019\/06\/Doctor_Guillen_miembro_RAMN_Traumatologia-768x432.jpg 768w\" sizes=\"auto, (max-width: 1000px) 100vw, 1000px\" \/><\/p>\n<p>Ha estado implicado en el desarrollo de la Medicina Regenerativa y de las Terapias Celulares. En 2010,\u00a0<strong>desarroll\u00f3 una t\u00e9cnica de Implante de Condrocitos Aut\u00f3logos,<\/strong> llamada <a href=\"https:\/\/www.iccimplantedecartilago.com\/\">ICC<\/a>,\u00a0para el tratamiento de lesiones de cart\u00edlago articular. En este momento, participa en varios proyectos junto al Salk Institute de California y al prestigioso investigador Juan Carlos Izpis\u00faa.<\/p>\n<p>El 18 de mayo de 1998\u00a0<strong>fund\u00f3 <a href=\"https:\/\/www.clinicacemtro.com\/\" target=\"_blank\" rel=\"noopener\">Cl\u00ednica CEMTRO<\/a><\/strong>, un hospital donde la\u00a0<strong>investigaci\u00f3n y la docencia<\/strong>\u00a0tienen un papel protagonista, y cuyo esp\u00edritu asistencial bebe del humanismo del <a href=\"https:\/\/www.clinicacemtro.com\/en\/traumatology\/dr-guillen-and-his-team\/\" target=\"_blank\" rel=\"noopener\">doctor Guill\u00e9n<\/a>. Actualmente compagina\u00a0su labor asistencial y quir\u00fargica, con una importante labor docente e investigadora.<\/p>\n","protected":false},"excerpt":{"rendered":"<p>El Dr. Pedro Guill\u00e9n ha sido nombrado Acad\u00e9mico de N\u00famero de la Real Academia Nacional de Medicina de Espa\u00f1a, obteniendo la plaza en \u201cTraumatolog\u00eda y Cirug\u00eda Ortop\u00e9dica\u201d, correspondiente al Sill\u00f3n N\u00ba 39, por su reconocido prestigio, su dilatada experiencia y por haberse distinguido notablemente en el ejercicio de esta especialidad. La Real Academia Nacional de&#8230;<\/p>\n","protected":false},"author":2,"featured_media":15714,"comment_status":"open","ping_status":"open","sticky":false,"template":"","format":"standard","meta":{"inline_featured_image":false,"footnotes":""},"categories":[558],"tags":[656,657,658],"class_list":["post-15716","post","type-post","status-publish","format-standard","has-post-thumbnail","hentry","category-noticias-en","tag-academico-numerario-en","tag-dr-pedro-guillen-en","tag-real-academia-nacional-de-medicina-de-espana-en"],"acf":[],"yoast_head":"<!-- This site is optimized with the Yoast SEO plugin v27.3 - https:\/\/yoast.com\/product\/yoast-seo-wordpress\/ -->\n<title>Doctor Guillen Acad\u00e9mico RAMN Traumatologia - Clinica CEMTRO<\/title>\n<meta name=\"description\" content=\"El Doctor Guillen Acad\u00e9mico RAMN Traumatologia por su reconocido prestigio, conocimiento, experiencia y por su distinci\u00f3n constante en esta especialidad.\" \/>\n<meta name=\"robots\" content=\"index, follow, max-snippet:-1, max-image-preview:large, max-video-preview:-1\" \/>\n<link rel=\"canonical\" href=\"https:\/\/www.clinicacemtro.com\/en\/dr-pedro-guillen-academico-numerario-ranm\/\" \/>\n<meta property=\"og:locale\" content=\"en_US\" \/>\n<meta property=\"og:type\" content=\"article\" \/>\n<meta property=\"og:title\" content=\"Doctor Guillen Acad\u00e9mico RAMN Traumatologia - Clinica CEMTRO\" \/>\n<meta property=\"og:description\" content=\"El Doctor Guillen Acad\u00e9mico RAMN Traumatologia por su reconocido prestigio, conocimiento, experiencia y por su distinci\u00f3n constante en esta especialidad.\" \/>\n<meta property=\"og:url\" content=\"https:\/\/www.clinicacemtro.com\/en\/dr-pedro-guillen-academico-numerario-ranm\/\" \/>\n<meta property=\"og:site_name\" content=\"Cl\u00ednica CEMTRO\" \/>\n<meta property=\"article:published_time\" content=\"2019-06-12T14:33:30+00:00\" \/>\n<meta property=\"article:modified_time\" content=\"2019-09-03T09:38:12+00:00\" \/>\n<meta property=\"og:image\" content=\"https:\/\/www.clinicacemtro.com\/wp-content\/uploads\/2019\/06\/Noticias-WEB-4.png\" \/>\n\t<meta property=\"og:image:width\" content=\"600\" \/>\n\t<meta property=\"og:image:height\" content=\"400\" \/>\n\t<meta property=\"og:image:type\" content=\"image\/png\" \/>\n<meta name=\"author\" content=\"Comunicaci\u00f3n Cemtro\" \/>\n<meta name=\"twitter:card\" content=\"summary_large_image\" \/>\n<meta name=\"twitter:label1\" content=\"Written by\" \/>\n\t<meta name=\"twitter:data1\" content=\"Comunicaci\u00f3n Cemtro\" \/>\n\t<meta name=\"twitter:label2\" content=\"Est. reading time\" \/>\n\t<meta name=\"twitter:data2\" content=\"2 minutes\" \/>\n<script type=\"application\/ld+json\" class=\"yoast-schema-graph\">{\"@context\":\"https:\\\/\\\/schema.org\",\"@graph\":[{\"@type\":\"Article\",\"@id\":\"https:\\\/\\\/www.clinicacemtro.com\\\/en\\\/dr-pedro-guillen-academico-numerario-ranm\\\/#article\",\"isPartOf\":{\"@id\":\"https:\\\/\\\/www.clinicacemtro.com\\\/en\\\/dr-pedro-guillen-academico-numerario-ranm\\\/\"},\"author\":{\"name\":\"Comunicaci\u00f3n Cemtro\",\"@id\":\"https:\\\/\\\/www.clinicacemtro.com\\\/en\\\/#\\\/schema\\\/person\\\/c5c00f21986e4bc9f0ad75977dce6042\"},\"headline\":\"El Dr. Pedro Guill\u00e9n, Acad\u00e9mico Numerario de la RANM\",\"datePublished\":\"2019-06-12T14:33:30+00:00\",\"dateModified\":\"2019-09-03T09:38:12+00:00\",\"mainEntityOfPage\":{\"@id\":\"https:\\\/\\\/www.clinicacemtro.com\\\/en\\\/dr-pedro-guillen-academico-numerario-ranm\\\/\"},\"wordCount\":346,\"commentCount\":0,\"image\":{\"@id\":\"https:\\\/\\\/www.clinicacemtro.com\\\/en\\\/dr-pedro-guillen-academico-numerario-ranm\\\/#primaryimage\"},\"thumbnailUrl\":\"https:\\\/\\\/www.clinicacemtro.com\\\/wp-content\\\/uploads\\\/2019\\\/06\\\/Noticias-WEB-4.png\",\"keywords\":[\"Acad\u00e9mico Numerario\",\"Dr. Pedro Guill\u00e9n\",\"Real Academia Nacional de Medicina de Espa\u00f1a\"],\"articleSection\":[\"Noticias\"],\"inLanguage\":\"en-US\",\"potentialAction\":[{\"@type\":\"CommentAction\",\"name\":\"Comment\",\"target\":[\"https:\\\/\\\/www.clinicacemtro.com\\\/en\\\/dr-pedro-guillen-academico-numerario-ranm\\\/#respond\"]}]},{\"@type\":\"WebPage\",\"@id\":\"https:\\\/\\\/www.clinicacemtro.com\\\/en\\\/dr-pedro-guillen-academico-numerario-ranm\\\/\",\"url\":\"https:\\\/\\\/www.clinicacemtro.com\\\/en\\\/dr-pedro-guillen-academico-numerario-ranm\\\/\",\"name\":\"Doctor Guillen Acad\u00e9mico RAMN Traumatologia - Clinica CEMTRO\",\"isPartOf\":{\"@id\":\"https:\\\/\\\/www.clinicacemtro.com\\\/en\\\/#website\"},\"primaryImageOfPage\":{\"@id\":\"https:\\\/\\\/www.clinicacemtro.com\\\/en\\\/dr-pedro-guillen-academico-numerario-ranm\\\/#primaryimage\"},\"image\":{\"@id\":\"https:\\\/\\\/www.clinicacemtro.com\\\/en\\\/dr-pedro-guillen-academico-numerario-ranm\\\/#primaryimage\"},\"thumbnailUrl\":\"https:\\\/\\\/www.clinicacemtro.com\\\/wp-content\\\/uploads\\\/2019\\\/06\\\/Noticias-WEB-4.png\",\"datePublished\":\"2019-06-12T14:33:30+00:00\",\"dateModified\":\"2019-09-03T09:38:12+00:00\",\"author\":{\"@id\":\"https:\\\/\\\/www.clinicacemtro.com\\\/en\\\/#\\\/schema\\\/person\\\/c5c00f21986e4bc9f0ad75977dce6042\"},\"description\":\"El Doctor Guillen Acad\u00e9mico RAMN Traumatologia por su reconocido prestigio, conocimiento, experiencia y por su distinci\u00f3n constante en esta especialidad.\",\"inLanguage\":\"en-US\",\"potentialAction\":[{\"@type\":\"ReadAction\",\"target\":[\"https:\\\/\\\/www.clinicacemtro.com\\\/en\\\/dr-pedro-guillen-academico-numerario-ranm\\\/\"]}]},{\"@type\":\"ImageObject\",\"inLanguage\":\"en-US\",\"@id\":\"https:\\\/\\\/www.clinicacemtro.com\\\/en\\\/dr-pedro-guillen-academico-numerario-ranm\\\/#primaryimage\",\"url\":\"https:\\\/\\\/www.clinicacemtro.com\\\/wp-content\\\/uploads\\\/2019\\\/06\\\/Noticias-WEB-4.png\",\"contentUrl\":\"https:\\\/\\\/www.clinicacemtro.com\\\/wp-content\\\/uploads\\\/2019\\\/06\\\/Noticias-WEB-4.png\",\"width\":600,\"height\":400,\"caption\":\"Doctor_Guillen_Academico_RAMN\"},{\"@type\":\"WebSite\",\"@id\":\"https:\\\/\\\/www.clinicacemtro.com\\\/en\\\/#website\",\"url\":\"https:\\\/\\\/www.clinicacemtro.com\\\/en\\\/\",\"name\":\"Cl\u00ednica CEMTRO\",\"description\":\"\",\"alternateName\":\"Cl\u00ednica CEMTRO\",\"potentialAction\":[{\"@type\":\"SearchAction\",\"target\":{\"@type\":\"EntryPoint\",\"urlTemplate\":\"https:\\\/\\\/www.clinicacemtro.com\\\/en\\\/?s={search_term_string}\"},\"query-input\":{\"@type\":\"PropertyValueSpecification\",\"valueRequired\":true,\"valueName\":\"search_term_string\"}}],\"inLanguage\":\"en-US\"},{\"@type\":\"Person\",\"@id\":\"https:\\\/\\\/www.clinicacemtro.com\\\/en\\\/#\\\/schema\\\/person\\\/c5c00f21986e4bc9f0ad75977dce6042\",\"name\":\"Comunicaci\u00f3n Cemtro\",\"url\":\"https:\\\/\\\/www.clinicacemtro.com\\\/en\\\/author\\\/comucemtro\\\/\"}]}<\/script>\n<!-- \/ Yoast SEO plugin. -->","yoast_head_json":{"title":"Doctor Guillen Acad\u00e9mico RAMN Traumatologia - Clinica CEMTRO","description":"El Doctor Guillen Acad\u00e9mico RAMN Traumatologia por su reconocido prestigio, conocimiento, experiencia y por su distinci\u00f3n constante en esta especialidad.","robots":{"index":"index","follow":"follow","max-snippet":"max-snippet:-1","max-image-preview":"max-image-preview:large","max-video-preview":"max-video-preview:-1"},"canonical":"https:\/\/www.clinicacemtro.com\/en\/dr-pedro-guillen-academico-numerario-ranm\/","og_locale":"en_US","og_type":"article","og_title":"Doctor Guillen Acad\u00e9mico RAMN Traumatologia - Clinica CEMTRO","og_description":"El Doctor Guillen Acad\u00e9mico RAMN Traumatologia por su reconocido prestigio, conocimiento, experiencia y por su distinci\u00f3n constante en esta especialidad.","og_url":"https:\/\/www.clinicacemtro.com\/en\/dr-pedro-guillen-academico-numerario-ranm\/","og_site_name":"Cl\u00ednica CEMTRO","article_published_time":"2019-06-12T14:33:30+00:00","article_modified_time":"2019-09-03T09:38:12+00:00","og_image":[{"width":600,"height":400,"url":"https:\/\/www.clinicacemtro.com\/wp-content\/uploads\/2019\/06\/Noticias-WEB-4.png","type":"image\/png"}],"author":"Comunicaci\u00f3n Cemtro","twitter_card":"summary_large_image","twitter_misc":{"Written by":"Comunicaci\u00f3n Cemtro","Est. reading time":"2 minutes"},"schema":{"@context":"https:\/\/schema.org","@graph":[{"@type":"Article","@id":"https:\/\/www.clinicacemtro.com\/en\/dr-pedro-guillen-academico-numerario-ranm\/#article","isPartOf":{"@id":"https:\/\/www.clinicacemtro.com\/en\/dr-pedro-guillen-academico-numerario-ranm\/"},"author":{"name":"Comunicaci\u00f3n Cemtro","@id":"https:\/\/www.clinicacemtro.com\/en\/#\/schema\/person\/c5c00f21986e4bc9f0ad75977dce6042"},"headline":"El Dr. Pedro Guill\u00e9n, Acad\u00e9mico Numerario de la RANM","datePublished":"2019-06-12T14:33:30+00:00","dateModified":"2019-09-03T09:38:12+00:00","mainEntityOfPage":{"@id":"https:\/\/www.clinicacemtro.com\/en\/dr-pedro-guillen-academico-numerario-ranm\/"},"wordCount":346,"commentCount":0,"image":{"@id":"https:\/\/www.clinicacemtro.com\/en\/dr-pedro-guillen-academico-numerario-ranm\/#primaryimage"},"thumbnailUrl":"https:\/\/www.clinicacemtro.com\/wp-content\/uploads\/2019\/06\/Noticias-WEB-4.png","keywords":["Acad\u00e9mico Numerario","Dr. Pedro Guill\u00e9n","Real Academia Nacional de Medicina de Espa\u00f1a"],"articleSection":["Noticias"],"inLanguage":"en-US","potentialAction":[{"@type":"CommentAction","name":"Comment","target":["https:\/\/www.clinicacemtro.com\/en\/dr-pedro-guillen-academico-numerario-ranm\/#respond"]}]},{"@type":"WebPage","@id":"https:\/\/www.clinicacemtro.com\/en\/dr-pedro-guillen-academico-numerario-ranm\/","url":"https:\/\/www.clinicacemtro.com\/en\/dr-pedro-guillen-academico-numerario-ranm\/","name":"Doctor Guillen Acad\u00e9mico RAMN Traumatologia - Clinica CEMTRO","isPartOf":{"@id":"https:\/\/www.clinicacemtro.com\/en\/#website"},"primaryImageOfPage":{"@id":"https:\/\/www.clinicacemtro.com\/en\/dr-pedro-guillen-academico-numerario-ranm\/#primaryimage"},"image":{"@id":"https:\/\/www.clinicacemtro.com\/en\/dr-pedro-guillen-academico-numerario-ranm\/#primaryimage"},"thumbnailUrl":"https:\/\/www.clinicacemtro.com\/wp-content\/uploads\/2019\/06\/Noticias-WEB-4.png","datePublished":"2019-06-12T14:33:30+00:00","dateModified":"2019-09-03T09:38:12+00:00","author":{"@id":"https:\/\/www.clinicacemtro.com\/en\/#\/schema\/person\/c5c00f21986e4bc9f0ad75977dce6042"},"description":"El Doctor Guillen Acad\u00e9mico RAMN Traumatologia por su reconocido prestigio, conocimiento, experiencia y por su distinci\u00f3n constante en esta especialidad.","inLanguage":"en-US","potentialAction":[{"@type":"ReadAction","target":["https:\/\/www.clinicacemtro.com\/en\/dr-pedro-guillen-academico-numerario-ranm\/"]}]},{"@type":"ImageObject","inLanguage":"en-US","@id":"https:\/\/www.clinicacemtro.com\/en\/dr-pedro-guillen-academico-numerario-ranm\/#primaryimage","url":"https:\/\/www.clinicacemtro.com\/wp-content\/uploads\/2019\/06\/Noticias-WEB-4.png","contentUrl":"https:\/\/www.clinicacemtro.com\/wp-content\/uploads\/2019\/06\/Noticias-WEB-4.png","width":600,"height":400,"caption":"Doctor_Guillen_Academico_RAMN"},{"@type":"WebSite","@id":"https:\/\/www.clinicacemtro.com\/en\/#website","url":"https:\/\/www.clinicacemtro.com\/en\/","name":"Cl\u00ednica CEMTRO","description":"","alternateName":"Cl\u00ednica CEMTRO","potentialAction":[{"@type":"SearchAction","target":{"@type":"EntryPoint","urlTemplate":"https:\/\/www.clinicacemtro.com\/en\/?s={search_term_string}"},"query-input":{"@type":"PropertyValueSpecification","valueRequired":true,"valueName":"search_term_string"}}],"inLanguage":"en-US"},{"@type":"Person","@id":"https:\/\/www.clinicacemtro.com\/en\/#\/schema\/person\/c5c00f21986e4bc9f0ad75977dce6042","name":"Comunicaci\u00f3n Cemtro","url":"https:\/\/www.clinicacemtro.com\/en\/author\/comucemtro\/"}]}},"post_mailing_queue_ids":[],"_links":{"self":[{"href":"https:\/\/www.clinicacemtro.com\/en\/wp-json\/wp\/v2\/posts\/15716","targetHints":{"allow":["GET"]}}],"collection":[{"href":"https:\/\/www.clinicacemtro.com\/en\/wp-json\/wp\/v2\/posts"}],"about":[{"href":"https:\/\/www.clinicacemtro.com\/en\/wp-json\/wp\/v2\/types\/post"}],"author":[{"embeddable":true,"href":"https:\/\/www.clinicacemtro.com\/en\/wp-json\/wp\/v2\/users\/2"}],"replies":[{"embeddable":true,"href":"https:\/\/www.clinicacemtro.com\/en\/wp-json\/wp\/v2\/comments?post=15716"}],"version-history":[{"count":0,"href":"https:\/\/www.clinicacemtro.com\/en\/wp-json\/wp\/v2\/posts\/15716\/revisions"}],"wp:featuredmedia":[{"embeddable":true,"href":"https:\/\/www.clinicacemtro.com\/en\/wp-json\/wp\/v2\/media\/15714"}],"wp:attachment":[{"href":"https:\/\/www.clinicacemtro.com\/en\/wp-json\/wp\/v2\/media?parent=15716"}],"wp:term":[{"taxonomy":"category","embeddable":true,"href":"https:\/\/www.clinicacemtro.com\/en\/wp-json\/wp\/v2\/categories?post=15716"},{"taxonomy":"post_tag","embeddable":true,"href":"https:\/\/www.clinicacemtro.com\/en\/wp-json\/wp\/v2\/tags?post=15716"}],"curies":[{"name":"wp","href":"https:\/\/api.w.org\/{rel}","templated":true}]}}