{"id":15588,"date":"2019-05-28T11:49:32","date_gmt":"2019-05-28T11:49:32","guid":{"rendered":"https:\/\/clinicacemtro.com\/dr-guillen-medicina-deportiva-rfef-2\/"},"modified":"2019-06-18T09:27:09","modified_gmt":"2019-06-18T09:27:09","slug":"dr-guillen-medicina-deportiva-rfef-2","status":"publish","type":"post","link":"https:\/\/www.clinicacemtro.com\/en\/dr-guillen-medicina-deportiva-rfef-2\/","title":{"rendered":"El Dr. Guill\u00e9n, en la jornada sobre Medicina Deportiva organizada por la RFEF"},"content":{"rendered":"<p>El <strong>Dr. Guill\u00e9n<\/strong>, Jefe del servicio de Traumatolog\u00eda General de Cl\u00ednica CEMTRO, ha participado el 25 de mayo de 2019 en la <strong>cumbre sobre <a href=\"https:\/\/www.clinicacemtro.com\/en\/traumatology\/sports-medicine\/\" target=\"_blank\" rel=\"noopener\">Medicina Deportiva<\/a><\/strong> que ha organizado la <strong>Real Federaci\u00f3n Espa\u00f1ola de F\u00fatbol (RFEF)<\/strong> en Sevilla con motivo de la <strong>final de la Copa del Rey<\/strong> entre el Barcelona y el Valencia.<\/p>\n<p>La jornada estuvo encabezada por Luis Rubiales, presidente de la RFEF, y dirigida por la <strong>Dra. Hela Herrero<\/strong>,\u00a0Jefa de los servicios m\u00e9dicos de la RFEF, con la colaboraci\u00f3n del <strong>Dr. Tom\u00e1s Calero<\/strong>, Jefe de los servicios m\u00e9dicos del Betis. Los <strong>mejores especialistas en Medicina Deportiva del pa\u00eds\u00a0<\/strong>se dieron cita a las 12:00h en la Sala Antonio Machado, espacio de la Fundaci\u00f3n Caja Sol, para compartir sus conocimientos en la\u00a0Mesa\u2013Coloquio <strong>\u2018F\u00fatbol y Medicina. \u00bfQu\u00e9 hay de nuevo?\u2019<\/strong>.<\/p>\n<p><img loading=\"lazy\" decoding=\"async\" class=\"aligncenter wp-image-15666 size-full\" title=\"Congreso_Medicina_deportiva_futbol_y_medicina\" src=\"https:\/\/www.clinicacemtro.com\/wp-content\/uploads\/2019\/05\/congreso_medicina_deportiva_futbol_y_medicina.jpg\" alt=\"congreso medicina deportiva futbol y medicina\" width=\"900\" height=\"570\" srcset=\"https:\/\/www.clinicacemtro.com\/wp-content\/uploads\/2019\/05\/congreso_medicina_deportiva_futbol_y_medicina.jpg 900w, https:\/\/www.clinicacemtro.com\/wp-content\/uploads\/2019\/05\/congreso_medicina_deportiva_futbol_y_medicina-600x380.jpg 600w, https:\/\/www.clinicacemtro.com\/wp-content\/uploads\/2019\/05\/congreso_medicina_deportiva_futbol_y_medicina-300x190.jpg 300w, https:\/\/www.clinicacemtro.com\/wp-content\/uploads\/2019\/05\/congreso_medicina_deportiva_futbol_y_medicina-768x486.jpg 768w\" sizes=\"auto, (max-width: 900px) 100vw, 900px\" \/><\/p>\n<p>La mesa coloquio ha contado con la participaci\u00f3n del <strong>Dr. Pedro Guill\u00e9n<\/strong>, Jefe del Servicio de Traumatolog\u00eda de Cl\u00ednica CEMTRO; el <strong>Dr. Pedro Ripoll<\/strong>, Director m\u00e9dico de Sport Clinic Ripoll y Prado; el<strong> Dr. Ram\u00f3n Cugat<\/strong>, traumat\u00f3logo de la Cl\u00ednica Teknon; el <strong>Dr. Niko Mihic<\/strong>, Jefe de los servicios m\u00e9dicos del Real Madrid; <strong>el Dr. Jos\u00e9 Mar\u00eda Villal\u00f3n<\/strong>, Jefe de los servicios m\u00e9dicos del Atl\u00e9tico de Madrid; <strong>el Dr. Tom\u00e1s Calero<\/strong>, Director m\u00e9dico del Betis y el <strong>Dr. Isidro Monje<\/strong>, Director de los servicios m\u00e9dicos de la Mutualidad de Futbolistas de Andaluc\u00eda.<\/p>\n<p>En este encuentro los participantes han profundizado en la respuesta a preguntas como: \u00bfqu\u00e9 est\u00e1 fallando respecto al <em>return to play<\/em> tras una lesi\u00f3n muscular?, \u00bfexisten diferencias en la mujer futbolista?, \u00bfcu\u00e1les son los criterios de <strong>reconstrucci\u00f3n del ligamento cruzado anterior en el f\u00fatbol<\/strong>?, \u00bfes adecuado el uso de <a href=\"https:\/\/www.clinicacemtro.com\/en\/traumatology\/articular-cartilage-unit\/\"><strong>terapias regenerativas y terapia celular<\/strong><\/a> y en qu\u00e9 casos?, \u00bfcu\u00e1les son las causas de la lesi\u00f3n del quinto metatarsiano en el <strong>pie del futbolista<\/strong>? o \u00bfpodemos influir sobre el n\u00famero de lesiones que se producen en un equipo a lo largo de la temporada?<\/p>\n<p>Otros temas que se han abordado son el manejo de las\u00a0lesiones de m\u00fasculo tend\u00f3n, objetivos para evaluar las fases de un proceso de recuperaci\u00f3n en una lesi\u00f3n muscular, <strong>repercusi\u00f3n del ejercicio f\u00edsico extremo en el aparato cardiovascular a corto y largo plazo<\/strong>, conmociones cerebrales y su <em>return to play<\/em>, determinaci\u00f3n a trav\u00e9s de marcadores gen\u00e9ticos de la susceptibilidad a las lesiones, <strong>artrosis en futbolistas de \u00e9lite<\/strong>, prevenci\u00f3n y readaptaci\u00f3n de lesiones, biomec\u00e1nica y monitorizaci\u00f3n del jugador lesionado, o valores en el f\u00fatbol y <em>fair pla<\/em>y.<\/p>\n<p><img loading=\"lazy\" decoding=\"async\" class=\"aligncenter wp-image-15668 size-full\" title=\"Congreso_Medicina_Deportiva_Clinica_CEMTRO\" src=\"https:\/\/www.clinicacemtro.com\/wp-content\/uploads\/2019\/05\/congreso_medicina_deportiva_clinica_cemtro.jpg\" alt=\"Congreso Medicina Deportiva Clinica CEMTRO\" width=\"1024\" height=\"768\" srcset=\"https:\/\/www.clinicacemtro.com\/wp-content\/uploads\/2019\/05\/congreso_medicina_deportiva_clinica_cemtro.jpg 1024w, https:\/\/www.clinicacemtro.com\/wp-content\/uploads\/2019\/05\/congreso_medicina_deportiva_clinica_cemtro-600x450.jpg 600w, https:\/\/www.clinicacemtro.com\/wp-content\/uploads\/2019\/05\/congreso_medicina_deportiva_clinica_cemtro-300x225.jpg 300w, https:\/\/www.clinicacemtro.com\/wp-content\/uploads\/2019\/05\/congreso_medicina_deportiva_clinica_cemtro-768x576.jpg 768w\" sizes=\"auto, (max-width: 1024px) 100vw, 1024px\" \/><\/p>\n<p><em>&#8220;Si la rotura de LCA vuelve a aparecer antes de un a\u00f1o de la cirug\u00eda se considera complicaci\u00f3n quir\u00fargica, si aparece despu\u00e9s de un a\u00f1o es reca\u00edda&#8221;<\/em>, ha indicado el <strong>Dr. Guill\u00e9n<\/strong> sobre la <strong>vuelta al deporte tras la rotura del ligamento cruzado anterior<\/strong>, quien adem\u00e1s <strong>ha defendido la plastia con isquios<\/strong> fente al hueso-tend\u00f3n-hueso para el tratamiento de esta patolog\u00eda.<\/p>\n<p>Tambi\u00e9n han intervenido en el coloquio el <strong>Dr. Tom\u00e1s Fern\u00e1ndez<\/strong>, Jefe del servicio de Medicina Deportiva de Cl\u00ednica CEMTRO, hablando sobre lesiones musculares, y el <strong>Dr. Ram\u00f3n Navarro<\/strong>, miembro de la <a href=\"https:\/\/www.clinicacemtro.com\/en\/traumatology\/foot-and-ankle-unit\/\" target=\"_blank\" rel=\"noopener\">Unidad de Pie y Tobillo<\/a> de Cl\u00ednica CEMTRO, quien ha hablado sobre cu\u00e1ndo hay que operar y c\u00f3mo es la recuperaci\u00f3n de la fractura del quinto metatarsiano.<\/p>\n<p>Durante la jornada<strong>\u00a0Luis Rubiales<\/strong> anunci\u00f3 la intenci\u00f3n de llevar a la Asamblea de la RFEF la propuesta para que se incorpore a dicho organismo un representante de los m\u00e9dicos de los clubes profesionales.<\/p>\n","protected":false},"excerpt":{"rendered":"<p>El Dr. Guill\u00e9n, Jefe del servicio de Traumatolog\u00eda General de Cl\u00ednica CEMTRO, ha participado el 25 de mayo de 2019 en la cumbre sobre Medicina Deportiva que ha organizado la Real Federaci\u00f3n Espa\u00f1ola de F\u00fatbol (RFEF) en Sevilla con motivo de la final de la Copa del Rey entre el Barcelona y el Valencia. La&#8230;<\/p>\n","protected":false},"author":2,"featured_media":15665,"comment_status":"open","ping_status":"open","sticky":false,"template":"","format":"standard","meta":{"inline_featured_image":false,"footnotes":""},"categories":[558],"tags":[565,641],"class_list":["post-15588","post","type-post","status-publish","format-standard","has-post-thumbnail","hentry","category-noticias-en","tag-dr-guillen-en","tag-medicina-deportiva-en"],"acf":[],"yoast_head":"<!-- This site is optimized with the Yoast SEO plugin v27.3 - https:\/\/yoast.com\/product\/yoast-seo-wordpress\/ -->\n<title>Congreso de Medicina Deportiva - Clinica CEMTRO<\/title>\n<meta name=\"description\" content=\"El Dr. Guill\u00e9n ha participado en la Congreso de Medicina Deportiva que ha organizado la RFEF con motivo de la final de la Copa del Rey.\" \/>\n<meta name=\"robots\" content=\"index, follow, max-snippet:-1, max-image-preview:large, max-video-preview:-1\" \/>\n<link rel=\"canonical\" href=\"https:\/\/www.clinicacemtro.com\/en\/dr-guillen-medicina-deportiva-rfef-2\/\" \/>\n<meta property=\"og:locale\" content=\"en_US\" \/>\n<meta property=\"og:type\" content=\"article\" \/>\n<meta property=\"og:title\" content=\"Congreso de Medicina Deportiva - Clinica CEMTRO\" \/>\n<meta property=\"og:description\" content=\"El Dr. Guill\u00e9n ha participado en la Congreso de Medicina Deportiva que ha organizado la RFEF con motivo de la final de la Copa del Rey.\" \/>\n<meta property=\"og:url\" content=\"https:\/\/www.clinicacemtro.com\/en\/dr-guillen-medicina-deportiva-rfef-2\/\" \/>\n<meta property=\"og:site_name\" content=\"Cl\u00ednica CEMTRO\" \/>\n<meta property=\"article:published_time\" content=\"2019-05-28T11:49:32+00:00\" \/>\n<meta property=\"article:modified_time\" content=\"2019-06-18T09:27:09+00:00\" \/>\n<meta property=\"og:image\" content=\"https:\/\/www.clinicacemtro.com\/wp-content\/uploads\/2019\/05\/Pedro_Guillen_Medicina_Deportiva.png\" \/>\n\t<meta property=\"og:image:width\" content=\"600\" \/>\n\t<meta property=\"og:image:height\" content=\"400\" \/>\n\t<meta property=\"og:image:type\" content=\"image\/png\" \/>\n<meta name=\"author\" content=\"Comunicaci\u00f3n Cemtro\" \/>\n<meta name=\"twitter:card\" content=\"summary_large_image\" \/>\n<meta name=\"twitter:label1\" content=\"Written by\" \/>\n\t<meta name=\"twitter:data1\" content=\"Comunicaci\u00f3n Cemtro\" \/>\n\t<meta name=\"twitter:label2\" content=\"Est. reading time\" \/>\n\t<meta name=\"twitter:data2\" content=\"3 minutes\" \/>\n<script type=\"application\/ld+json\" class=\"yoast-schema-graph\">{\"@context\":\"https:\\\/\\\/schema.org\",\"@graph\":[{\"@type\":\"Article\",\"@id\":\"https:\\\/\\\/www.clinicacemtro.com\\\/en\\\/dr-guillen-medicina-deportiva-rfef-2\\\/#article\",\"isPartOf\":{\"@id\":\"https:\\\/\\\/www.clinicacemtro.com\\\/en\\\/dr-guillen-medicina-deportiva-rfef-2\\\/\"},\"author\":{\"name\":\"Comunicaci\u00f3n Cemtro\",\"@id\":\"https:\\\/\\\/www.clinicacemtro.com\\\/en\\\/#\\\/schema\\\/person\\\/c5c00f21986e4bc9f0ad75977dce6042\"},\"headline\":\"El Dr. Guill\u00e9n, en la jornada sobre Medicina Deportiva organizada por la RFEF\",\"datePublished\":\"2019-05-28T11:49:32+00:00\",\"dateModified\":\"2019-06-18T09:27:09+00:00\",\"mainEntityOfPage\":{\"@id\":\"https:\\\/\\\/www.clinicacemtro.com\\\/en\\\/dr-guillen-medicina-deportiva-rfef-2\\\/\"},\"wordCount\":643,\"commentCount\":0,\"image\":{\"@id\":\"https:\\\/\\\/www.clinicacemtro.com\\\/en\\\/dr-guillen-medicina-deportiva-rfef-2\\\/#primaryimage\"},\"thumbnailUrl\":\"https:\\\/\\\/www.clinicacemtro.com\\\/wp-content\\\/uploads\\\/2019\\\/05\\\/Pedro_Guillen_Medicina_Deportiva.png\",\"keywords\":[\"Dr. Guill\u00e9n\",\"Medicina Deportiva\"],\"articleSection\":[\"Noticias\"],\"inLanguage\":\"en-US\",\"potentialAction\":[{\"@type\":\"CommentAction\",\"name\":\"Comment\",\"target\":[\"https:\\\/\\\/www.clinicacemtro.com\\\/en\\\/dr-guillen-medicina-deportiva-rfef-2\\\/#respond\"]}]},{\"@type\":\"WebPage\",\"@id\":\"https:\\\/\\\/www.clinicacemtro.com\\\/en\\\/dr-guillen-medicina-deportiva-rfef-2\\\/\",\"url\":\"https:\\\/\\\/www.clinicacemtro.com\\\/en\\\/dr-guillen-medicina-deportiva-rfef-2\\\/\",\"name\":\"Congreso de Medicina Deportiva - Clinica CEMTRO\",\"isPartOf\":{\"@id\":\"https:\\\/\\\/www.clinicacemtro.com\\\/en\\\/#website\"},\"primaryImageOfPage\":{\"@id\":\"https:\\\/\\\/www.clinicacemtro.com\\\/en\\\/dr-guillen-medicina-deportiva-rfef-2\\\/#primaryimage\"},\"image\":{\"@id\":\"https:\\\/\\\/www.clinicacemtro.com\\\/en\\\/dr-guillen-medicina-deportiva-rfef-2\\\/#primaryimage\"},\"thumbnailUrl\":\"https:\\\/\\\/www.clinicacemtro.com\\\/wp-content\\\/uploads\\\/2019\\\/05\\\/Pedro_Guillen_Medicina_Deportiva.png\",\"datePublished\":\"2019-05-28T11:49:32+00:00\",\"dateModified\":\"2019-06-18T09:27:09+00:00\",\"author\":{\"@id\":\"https:\\\/\\\/www.clinicacemtro.com\\\/en\\\/#\\\/schema\\\/person\\\/c5c00f21986e4bc9f0ad75977dce6042\"},\"description\":\"El Dr. Guill\u00e9n ha participado en la Congreso de Medicina Deportiva que ha organizado la RFEF con motivo de la final de la Copa del Rey.\",\"inLanguage\":\"en-US\",\"potentialAction\":[{\"@type\":\"ReadAction\",\"target\":[\"https:\\\/\\\/www.clinicacemtro.com\\\/en\\\/dr-guillen-medicina-deportiva-rfef-2\\\/\"]}]},{\"@type\":\"ImageObject\",\"inLanguage\":\"en-US\",\"@id\":\"https:\\\/\\\/www.clinicacemtro.com\\\/en\\\/dr-guillen-medicina-deportiva-rfef-2\\\/#primaryimage\",\"url\":\"https:\\\/\\\/www.clinicacemtro.com\\\/wp-content\\\/uploads\\\/2019\\\/05\\\/Pedro_Guillen_Medicina_Deportiva.png\",\"contentUrl\":\"https:\\\/\\\/www.clinicacemtro.com\\\/wp-content\\\/uploads\\\/2019\\\/05\\\/Pedro_Guillen_Medicina_Deportiva.png\",\"width\":600,\"height\":400,\"caption\":\"Pedro Guillen Medicina Deportiva\"},{\"@type\":\"WebSite\",\"@id\":\"https:\\\/\\\/www.clinicacemtro.com\\\/en\\\/#website\",\"url\":\"https:\\\/\\\/www.clinicacemtro.com\\\/en\\\/\",\"name\":\"Cl\u00ednica CEMTRO\",\"description\":\"\",\"alternateName\":\"Cl\u00ednica CEMTRO\",\"potentialAction\":[{\"@type\":\"SearchAction\",\"target\":{\"@type\":\"EntryPoint\",\"urlTemplate\":\"https:\\\/\\\/www.clinicacemtro.com\\\/en\\\/?s={search_term_string}\"},\"query-input\":{\"@type\":\"PropertyValueSpecification\",\"valueRequired\":true,\"valueName\":\"search_term_string\"}}],\"inLanguage\":\"en-US\"},{\"@type\":\"Person\",\"@id\":\"https:\\\/\\\/www.clinicacemtro.com\\\/en\\\/#\\\/schema\\\/person\\\/c5c00f21986e4bc9f0ad75977dce6042\",\"name\":\"Comunicaci\u00f3n Cemtro\",\"url\":\"https:\\\/\\\/www.clinicacemtro.com\\\/en\\\/author\\\/comucemtro\\\/\"}]}<\/script>\n<!-- \/ Yoast SEO plugin. -->","yoast_head_json":{"title":"Congreso de Medicina Deportiva - Clinica CEMTRO","description":"El Dr. Guill\u00e9n ha participado en la Congreso de Medicina Deportiva que ha organizado la RFEF con motivo de la final de la Copa del Rey.","robots":{"index":"index","follow":"follow","max-snippet":"max-snippet:-1","max-image-preview":"max-image-preview:large","max-video-preview":"max-video-preview:-1"},"canonical":"https:\/\/www.clinicacemtro.com\/en\/dr-guillen-medicina-deportiva-rfef-2\/","og_locale":"en_US","og_type":"article","og_title":"Congreso de Medicina Deportiva - Clinica CEMTRO","og_description":"El Dr. Guill\u00e9n ha participado en la Congreso de Medicina Deportiva que ha organizado la RFEF con motivo de la final de la Copa del Rey.","og_url":"https:\/\/www.clinicacemtro.com\/en\/dr-guillen-medicina-deportiva-rfef-2\/","og_site_name":"Cl\u00ednica CEMTRO","article_published_time":"2019-05-28T11:49:32+00:00","article_modified_time":"2019-06-18T09:27:09+00:00","og_image":[{"width":600,"height":400,"url":"https:\/\/www.clinicacemtro.com\/wp-content\/uploads\/2019\/05\/Pedro_Guillen_Medicina_Deportiva.png","type":"image\/png"}],"author":"Comunicaci\u00f3n Cemtro","twitter_card":"summary_large_image","twitter_misc":{"Written by":"Comunicaci\u00f3n Cemtro","Est. reading time":"3 minutes"},"schema":{"@context":"https:\/\/schema.org","@graph":[{"@type":"Article","@id":"https:\/\/www.clinicacemtro.com\/en\/dr-guillen-medicina-deportiva-rfef-2\/#article","isPartOf":{"@id":"https:\/\/www.clinicacemtro.com\/en\/dr-guillen-medicina-deportiva-rfef-2\/"},"author":{"name":"Comunicaci\u00f3n Cemtro","@id":"https:\/\/www.clinicacemtro.com\/en\/#\/schema\/person\/c5c00f21986e4bc9f0ad75977dce6042"},"headline":"El Dr. Guill\u00e9n, en la jornada sobre Medicina Deportiva organizada por la RFEF","datePublished":"2019-05-28T11:49:32+00:00","dateModified":"2019-06-18T09:27:09+00:00","mainEntityOfPage":{"@id":"https:\/\/www.clinicacemtro.com\/en\/dr-guillen-medicina-deportiva-rfef-2\/"},"wordCount":643,"commentCount":0,"image":{"@id":"https:\/\/www.clinicacemtro.com\/en\/dr-guillen-medicina-deportiva-rfef-2\/#primaryimage"},"thumbnailUrl":"https:\/\/www.clinicacemtro.com\/wp-content\/uploads\/2019\/05\/Pedro_Guillen_Medicina_Deportiva.png","keywords":["Dr. Guill\u00e9n","Medicina Deportiva"],"articleSection":["Noticias"],"inLanguage":"en-US","potentialAction":[{"@type":"CommentAction","name":"Comment","target":["https:\/\/www.clinicacemtro.com\/en\/dr-guillen-medicina-deportiva-rfef-2\/#respond"]}]},{"@type":"WebPage","@id":"https:\/\/www.clinicacemtro.com\/en\/dr-guillen-medicina-deportiva-rfef-2\/","url":"https:\/\/www.clinicacemtro.com\/en\/dr-guillen-medicina-deportiva-rfef-2\/","name":"Congreso de Medicina Deportiva - Clinica CEMTRO","isPartOf":{"@id":"https:\/\/www.clinicacemtro.com\/en\/#website"},"primaryImageOfPage":{"@id":"https:\/\/www.clinicacemtro.com\/en\/dr-guillen-medicina-deportiva-rfef-2\/#primaryimage"},"image":{"@id":"https:\/\/www.clinicacemtro.com\/en\/dr-guillen-medicina-deportiva-rfef-2\/#primaryimage"},"thumbnailUrl":"https:\/\/www.clinicacemtro.com\/wp-content\/uploads\/2019\/05\/Pedro_Guillen_Medicina_Deportiva.png","datePublished":"2019-05-28T11:49:32+00:00","dateModified":"2019-06-18T09:27:09+00:00","author":{"@id":"https:\/\/www.clinicacemtro.com\/en\/#\/schema\/person\/c5c00f21986e4bc9f0ad75977dce6042"},"description":"El Dr. Guill\u00e9n ha participado en la Congreso de Medicina Deportiva que ha organizado la RFEF con motivo de la final de la Copa del Rey.","inLanguage":"en-US","potentialAction":[{"@type":"ReadAction","target":["https:\/\/www.clinicacemtro.com\/en\/dr-guillen-medicina-deportiva-rfef-2\/"]}]},{"@type":"ImageObject","inLanguage":"en-US","@id":"https:\/\/www.clinicacemtro.com\/en\/dr-guillen-medicina-deportiva-rfef-2\/#primaryimage","url":"https:\/\/www.clinicacemtro.com\/wp-content\/uploads\/2019\/05\/Pedro_Guillen_Medicina_Deportiva.png","contentUrl":"https:\/\/www.clinicacemtro.com\/wp-content\/uploads\/2019\/05\/Pedro_Guillen_Medicina_Deportiva.png","width":600,"height":400,"caption":"Pedro Guillen Medicina Deportiva"},{"@type":"WebSite","@id":"https:\/\/www.clinicacemtro.com\/en\/#website","url":"https:\/\/www.clinicacemtro.com\/en\/","name":"Cl\u00ednica CEMTRO","description":"","alternateName":"Cl\u00ednica CEMTRO","potentialAction":[{"@type":"SearchAction","target":{"@type":"EntryPoint","urlTemplate":"https:\/\/www.clinicacemtro.com\/en\/?s={search_term_string}"},"query-input":{"@type":"PropertyValueSpecification","valueRequired":true,"valueName":"search_term_string"}}],"inLanguage":"en-US"},{"@type":"Person","@id":"https:\/\/www.clinicacemtro.com\/en\/#\/schema\/person\/c5c00f21986e4bc9f0ad75977dce6042","name":"Comunicaci\u00f3n Cemtro","url":"https:\/\/www.clinicacemtro.com\/en\/author\/comucemtro\/"}]}},"post_mailing_queue_ids":[],"_links":{"self":[{"href":"https:\/\/www.clinicacemtro.com\/en\/wp-json\/wp\/v2\/posts\/15588","targetHints":{"allow":["GET"]}}],"collection":[{"href":"https:\/\/www.clinicacemtro.com\/en\/wp-json\/wp\/v2\/posts"}],"about":[{"href":"https:\/\/www.clinicacemtro.com\/en\/wp-json\/wp\/v2\/types\/post"}],"author":[{"embeddable":true,"href":"https:\/\/www.clinicacemtro.com\/en\/wp-json\/wp\/v2\/users\/2"}],"replies":[{"embeddable":true,"href":"https:\/\/www.clinicacemtro.com\/en\/wp-json\/wp\/v2\/comments?post=15588"}],"version-history":[{"count":0,"href":"https:\/\/www.clinicacemtro.com\/en\/wp-json\/wp\/v2\/posts\/15588\/revisions"}],"wp:featuredmedia":[{"embeddable":true,"href":"https:\/\/www.clinicacemtro.com\/en\/wp-json\/wp\/v2\/media\/15665"}],"wp:attachment":[{"href":"https:\/\/www.clinicacemtro.com\/en\/wp-json\/wp\/v2\/media?parent=15588"}],"wp:term":[{"taxonomy":"category","embeddable":true,"href":"https:\/\/www.clinicacemtro.com\/en\/wp-json\/wp\/v2\/categories?post=15588"},{"taxonomy":"post_tag","embeddable":true,"href":"https:\/\/www.clinicacemtro.com\/en\/wp-json\/wp\/v2\/tags?post=15588"}],"curies":[{"name":"wp","href":"https:\/\/api.w.org\/{rel}","templated":true}]}}