{"id":15392,"date":"2019-04-30T11:42:50","date_gmt":"2019-04-30T11:42:50","guid":{"rendered":"https:\/\/clinicacemtro.com\/?p=15392"},"modified":"2019-08-26T06:09:21","modified_gmt":"2019-08-26T06:09:21","slug":"alta-participacion-cemtro-xiii-congreso-bienal-setrade","status":"publish","type":"post","link":"https:\/\/www.clinicacemtro.com\/en\/alta-participacion-cemtro-xiii-congreso-bienal-setrade\/","title":{"rendered":"Alta participaci\u00f3n de CEMTRO en el XIII Congreso Bienal SETRADE"},"content":{"rendered":"<p>El <strong>XIII Congreso Bienal SETRADE<\/strong> se ha celebrado en el Palau de Congressos de Palma de Mallorca los d\u00edas 25 y 26 de abril de 2019 bajo el lema &#8220;\u00daltimas fronteras en el tratamiento de las lesiones en traumatolog\u00eda del Deporte&#8221; con una amplia participaci\u00f3n y <strong>gran presencia de profesionales de Cl\u00ednica CEMTRO<\/strong>.<\/p>\n<p>El Congreso ha contado con las intervenciones de ponentes de reconocido prestigio nacionales e internacionales, como\u00a0<strong>Robert LaPrade<\/strong>,\u00a0Premio de Investigaci\u00f3n Cl\u00ednica OREF 2013 por su investigaci\u00f3n para mejorar los resultados de las lesiones\u00a0posterolaterales de rodilla, o <strong>Bruce Reider<\/strong>, Jefe de Redacci\u00f3n de la revista acad\u00e9mica &#8216;American Journal of Sports Medicine&#8217;.<\/p>\n<p><img loading=\"lazy\" decoding=\"async\" class=\"aligncenter wp-image-15385 size-full\" src=\"https:\/\/www.clinicacemtro.com\/wp-content\/uploads\/2019\/04\/Dyk_cPjWsAAxd9O.jpg\" alt=\"\" width=\"1112\" height=\"741\" \/><\/p>\n<h3>Cl\u00ednica CEMTRO en el XIII Congreso Bienal SETRADE<\/h3>\n<p>Numerosos profesionales de Cl\u00ednica CEMTRO han participado activamente en el XIII Congreso Bienal SETRADE. El <strong>Dr. Pedro Guill\u00e9n<\/strong>, Jefe del <a href=\"https:\/\/www.clinicacemtro.com\/en\/traumatology\/\">Servicio de Traumatolog\u00eda<\/a> en Cl\u00ednica CEMTRO, ha presidido la mesa sobre &#8216;Cirug\u00eda y tratamientos regenerativos asociados&#8217;.<\/p>\n<p>El <strong>Dr. Jes\u00fas Manuel Cort\u00e9s<\/strong>, miembro la <a href=\"https:\/\/www.clinicacemtro.com\/en\/traumatology\/knee-unit\/\">Unidad de Rodilla<\/a> en Cl\u00ednica CEMTRO y miembro de la Junta Directiva de SETRADE, ha intervenido como relator en las mesas &#8216;Artroscopia de cadera. Indicaciones y l\u00edmites&#8217; y\u00a0&#8216;Cirug\u00eda y tratamientos regenerativos asociados&#8217;.<\/p>\n<p>La <strong>Dra. Manuela Gonz\u00e1lez Santande<\/strong>, Jefa del Servicio de Biomec\u00e1nica Postural y Deportiva en Cl\u00ednica CEMTRO, ha participado como ponente en la mesa redonda &#8216;Evaluaci\u00f3n por la imagen del a tendinopat\u00eda&#8217; y como moderadora en la mesa &#8216;El hombro y extremidad superior en el deportista en silla de ruedas&#8217;.<\/p>\n<p>El <strong>Dr. Ra\u00fal Torres<\/strong>, Jefe de la <a href=\"https:\/\/www.clinicacemtro.com\/en\/traumatology\/hip-unit\/\">Unidad de Cadera<\/a> en Cl\u00ednica CEMTRO, ha moderado la mesa &#8216;Artroscopia de cadera. Indicaciones y l\u00edmites&#8217; y ha participado como experto hablando sobre &#8216;S\u00edndrome del dolor gl\u00fateo profundo&#8217;.<\/p>\n<p>El <strong>Dr. Tom\u00e1s Fern\u00e1ndez<\/strong>, Jefe del Servicio de Medicina del Deporte en Cl\u00ednica CEMTRO, ha moderado la mesa redonda GESMUTE (Grupo de Estudio de M\u00fasculo y Tend\u00f3n) y otra sobre evaluaci\u00f3n por la imagen de la tendinopat\u00eda. Adem\u00e1s, ha impartido tres ponencias: &#8216;Cultivo de condrocitos. Una terapia consolidada&#8217;, &#8216;Nuevo perfil anal\u00edtico de las lesiones deportivas m\u00fasculos tendinosas desarrollado en la Cl\u00ednica CEMTRO&#8217; y &#8216;Lesiones de hombro en el deporte paral\u00edmpico&#8217;.<\/p>\n<p><img loading=\"lazy\" decoding=\"async\" class=\"aligncenter wp-image-15390 size-full\" src=\"https:\/\/www.clinicacemtro.com\/wp-content\/uploads\/2019\/04\/TOM\u00c1S-FERN\u00c1NDEZ-e1556877856874.jpg\" alt=\"\" width=\"800\" height=\"600\" srcset=\"https:\/\/www.clinicacemtro.com\/wp-content\/uploads\/2019\/04\/TOM\u00c1S-FERN\u00c1NDEZ-e1556877856874.jpg 800w, https:\/\/www.clinicacemtro.com\/wp-content\/uploads\/2019\/04\/TOM\u00c1S-FERN\u00c1NDEZ-e1556877856874-600x450.jpg 600w\" sizes=\"auto, (max-width: 800px) 100vw, 800px\" \/><\/p>\n<h3>Comunicaciones libres de Cl\u00ednica CEMTRO<\/h3>\n<p>El<strong> Dr. Marcelo Quiroga<\/strong>, miembro de la <a href=\"https:\/\/www.clinicacemtro.com\/en\/traumatology\/shoulder-unit\/\">Unidad de Hombro<\/a> en Cl\u00ednica CEMTRO, ha presentado un estudio de la relaci\u00f3n del retorno a la pr\u00e1ctica deportiva y el tratamiento artrosc\u00f3pico en la inestabilidad de hombro, trabajo en el que tambi\u00e9n han participado los Dres. Pedro Guill\u00e9n, Fern\u00e1ndez Ja\u00e9n, Arauz De Robles y L\u00f3pez-Alcorocho S\u00e1nchez.<\/p>\n<p>La <strong>Dra. Diana Guzm\u00e1n<\/strong>, miembro de la <a href=\"https:\/\/www.clinicacemtro.com\/en\/traumatology\/\">Unidad de Traumatolog\u00eda General<\/a> en Cl\u00ednica CEMTRO, ha presentado la comunicaci\u00f3n &#8216;Roturas Proximales de Isquiotibiales&#8217;, trabajo en el que han participado\u00a0la Dra. Ana de la Torre, la Dra. Isabel Guill\u00e9n,el\u00a0 Dr. Carlos Colmenero y Anuncibay Montero,\u00a0fisioterapeuta en el Getafe Club de F\u00fatbol.<\/p>\n<p>Los mejores trabajos se publicar\u00e1n en la OJSM (Orthopaedic Journal of Sports Medicine) que edita la AOSSM (American Orthopaedic Society for Sports Medicine).<\/p>\n","protected":false},"excerpt":{"rendered":"<p>El XIII Congreso Bienal SETRADE se ha celebrado en el Palau de Congressos de Palma de Mallorca los d\u00edas 25 y 26 de abril de 2019 bajo el lema &#8220;\u00daltimas fronteras en el tratamiento de las lesiones en traumatolog\u00eda del Deporte&#8221; con una amplia participaci\u00f3n y gran presencia de profesionales de Cl\u00ednica CEMTRO. El Congreso&#8230;<\/p>\n","protected":false},"author":2,"featured_media":15389,"comment_status":"open","ping_status":"open","sticky":false,"template":"","format":"standard","meta":{"inline_featured_image":false,"footnotes":""},"categories":[558],"tags":[633,635],"class_list":["post-15392","post","type-post","status-publish","format-standard","has-post-thumbnail","hentry","category-noticias-en","tag-setrade-en","tag-xiii-congreso-bienal-setrade-en"],"acf":[],"yoast_head":"<!-- This site is optimized with the Yoast SEO plugin v27.3 - https:\/\/yoast.com\/product\/yoast-seo-wordpress\/ -->\n<title>XIII Congreso Bienal SETRADE - Cl\u00ednica CEMTRO<\/title>\n<meta name=\"description\" content=\"El XIII Congreso Bienal SETRADE ha tenido una alta afluencia de p\u00fablico y ha contado con profesionales que trabajan en la Cl\u00ednica CEMTRO.\" \/>\n<meta name=\"robots\" content=\"index, follow, max-snippet:-1, max-image-preview:large, max-video-preview:-1\" \/>\n<link rel=\"canonical\" href=\"https:\/\/www.clinicacemtro.com\/en\/alta-participacion-cemtro-xiii-congreso-bienal-setrade\/\" \/>\n<meta property=\"og:locale\" content=\"en_US\" \/>\n<meta property=\"og:type\" content=\"article\" \/>\n<meta property=\"og:title\" content=\"XIII Congreso Bienal SETRADE - Cl\u00ednica CEMTRO\" \/>\n<meta property=\"og:description\" content=\"El XIII Congreso Bienal SETRADE ha tenido una alta afluencia de p\u00fablico y ha contado con profesionales que trabajan en la Cl\u00ednica CEMTRO.\" \/>\n<meta property=\"og:url\" content=\"https:\/\/www.clinicacemtro.com\/en\/alta-participacion-cemtro-xiii-congreso-bienal-setrade\/\" \/>\n<meta property=\"og:site_name\" content=\"Cl\u00ednica CEMTRO\" \/>\n<meta property=\"article:published_time\" content=\"2019-04-30T11:42:50+00:00\" \/>\n<meta property=\"article:modified_time\" content=\"2019-08-26T06:09:21+00:00\" \/>\n<meta property=\"og:image\" content=\"https:\/\/www.clinicacemtro.com\/wp-content\/uploads\/2019\/04\/Noticias-WEB-2.png\" \/>\n\t<meta property=\"og:image:width\" content=\"600\" \/>\n\t<meta property=\"og:image:height\" content=\"400\" \/>\n\t<meta property=\"og:image:type\" content=\"image\/png\" \/>\n<meta name=\"author\" content=\"Comunicaci\u00f3n Cemtro\" \/>\n<meta name=\"twitter:card\" content=\"summary_large_image\" \/>\n<meta name=\"twitter:label1\" content=\"Written by\" \/>\n\t<meta name=\"twitter:data1\" content=\"Comunicaci\u00f3n Cemtro\" \/>\n\t<meta name=\"twitter:label2\" content=\"Est. reading time\" \/>\n\t<meta name=\"twitter:data2\" content=\"3 minutes\" \/>\n<script type=\"application\/ld+json\" class=\"yoast-schema-graph\">{\"@context\":\"https:\\\/\\\/schema.org\",\"@graph\":[{\"@type\":\"Article\",\"@id\":\"https:\\\/\\\/www.clinicacemtro.com\\\/en\\\/alta-participacion-cemtro-xiii-congreso-bienal-setrade\\\/#article\",\"isPartOf\":{\"@id\":\"https:\\\/\\\/www.clinicacemtro.com\\\/en\\\/alta-participacion-cemtro-xiii-congreso-bienal-setrade\\\/\"},\"author\":{\"name\":\"Comunicaci\u00f3n Cemtro\",\"@id\":\"https:\\\/\\\/www.clinicacemtro.com\\\/en\\\/#\\\/schema\\\/person\\\/c5c00f21986e4bc9f0ad75977dce6042\"},\"headline\":\"Alta participaci\u00f3n de CEMTRO en el XIII Congreso Bienal SETRADE\",\"datePublished\":\"2019-04-30T11:42:50+00:00\",\"dateModified\":\"2019-08-26T06:09:21+00:00\",\"mainEntityOfPage\":{\"@id\":\"https:\\\/\\\/www.clinicacemtro.com\\\/en\\\/alta-participacion-cemtro-xiii-congreso-bienal-setrade\\\/\"},\"wordCount\":544,\"commentCount\":0,\"image\":{\"@id\":\"https:\\\/\\\/www.clinicacemtro.com\\\/en\\\/alta-participacion-cemtro-xiii-congreso-bienal-setrade\\\/#primaryimage\"},\"thumbnailUrl\":\"https:\\\/\\\/www.clinicacemtro.com\\\/wp-content\\\/uploads\\\/2019\\\/04\\\/Noticias-WEB-2.png\",\"keywords\":[\"SETRADE\",\"XIII Congreso Bienal SETRADE\"],\"articleSection\":[\"Noticias\"],\"inLanguage\":\"en-US\",\"potentialAction\":[{\"@type\":\"CommentAction\",\"name\":\"Comment\",\"target\":[\"https:\\\/\\\/www.clinicacemtro.com\\\/en\\\/alta-participacion-cemtro-xiii-congreso-bienal-setrade\\\/#respond\"]}]},{\"@type\":\"WebPage\",\"@id\":\"https:\\\/\\\/www.clinicacemtro.com\\\/en\\\/alta-participacion-cemtro-xiii-congreso-bienal-setrade\\\/\",\"url\":\"https:\\\/\\\/www.clinicacemtro.com\\\/en\\\/alta-participacion-cemtro-xiii-congreso-bienal-setrade\\\/\",\"name\":\"XIII Congreso Bienal SETRADE - Cl\u00ednica CEMTRO\",\"isPartOf\":{\"@id\":\"https:\\\/\\\/www.clinicacemtro.com\\\/en\\\/#website\"},\"primaryImageOfPage\":{\"@id\":\"https:\\\/\\\/www.clinicacemtro.com\\\/en\\\/alta-participacion-cemtro-xiii-congreso-bienal-setrade\\\/#primaryimage\"},\"image\":{\"@id\":\"https:\\\/\\\/www.clinicacemtro.com\\\/en\\\/alta-participacion-cemtro-xiii-congreso-bienal-setrade\\\/#primaryimage\"},\"thumbnailUrl\":\"https:\\\/\\\/www.clinicacemtro.com\\\/wp-content\\\/uploads\\\/2019\\\/04\\\/Noticias-WEB-2.png\",\"datePublished\":\"2019-04-30T11:42:50+00:00\",\"dateModified\":\"2019-08-26T06:09:21+00:00\",\"author\":{\"@id\":\"https:\\\/\\\/www.clinicacemtro.com\\\/en\\\/#\\\/schema\\\/person\\\/c5c00f21986e4bc9f0ad75977dce6042\"},\"description\":\"El XIII Congreso Bienal SETRADE ha tenido una alta afluencia de p\u00fablico y ha contado con profesionales que trabajan en la Cl\u00ednica CEMTRO.\",\"inLanguage\":\"en-US\",\"potentialAction\":[{\"@type\":\"ReadAction\",\"target\":[\"https:\\\/\\\/www.clinicacemtro.com\\\/en\\\/alta-participacion-cemtro-xiii-congreso-bienal-setrade\\\/\"]}]},{\"@type\":\"ImageObject\",\"inLanguage\":\"en-US\",\"@id\":\"https:\\\/\\\/www.clinicacemtro.com\\\/en\\\/alta-participacion-cemtro-xiii-congreso-bienal-setrade\\\/#primaryimage\",\"url\":\"https:\\\/\\\/www.clinicacemtro.com\\\/wp-content\\\/uploads\\\/2019\\\/04\\\/Noticias-WEB-2.png\",\"contentUrl\":\"https:\\\/\\\/www.clinicacemtro.com\\\/wp-content\\\/uploads\\\/2019\\\/04\\\/Noticias-WEB-2.png\",\"width\":600,\"height\":400,\"caption\":\"XIII Congreso Bienal SETRADE\"},{\"@type\":\"WebSite\",\"@id\":\"https:\\\/\\\/www.clinicacemtro.com\\\/en\\\/#website\",\"url\":\"https:\\\/\\\/www.clinicacemtro.com\\\/en\\\/\",\"name\":\"Cl\u00ednica CEMTRO\",\"description\":\"\",\"alternateName\":\"Cl\u00ednica CEMTRO\",\"potentialAction\":[{\"@type\":\"SearchAction\",\"target\":{\"@type\":\"EntryPoint\",\"urlTemplate\":\"https:\\\/\\\/www.clinicacemtro.com\\\/en\\\/?s={search_term_string}\"},\"query-input\":{\"@type\":\"PropertyValueSpecification\",\"valueRequired\":true,\"valueName\":\"search_term_string\"}}],\"inLanguage\":\"en-US\"},{\"@type\":\"Person\",\"@id\":\"https:\\\/\\\/www.clinicacemtro.com\\\/en\\\/#\\\/schema\\\/person\\\/c5c00f21986e4bc9f0ad75977dce6042\",\"name\":\"Comunicaci\u00f3n Cemtro\",\"url\":\"https:\\\/\\\/www.clinicacemtro.com\\\/en\\\/author\\\/comucemtro\\\/\"}]}<\/script>\n<!-- \/ Yoast SEO plugin. -->","yoast_head_json":{"title":"XIII Congreso Bienal SETRADE - Cl\u00ednica CEMTRO","description":"El XIII Congreso Bienal SETRADE ha tenido una alta afluencia de p\u00fablico y ha contado con profesionales que trabajan en la Cl\u00ednica CEMTRO.","robots":{"index":"index","follow":"follow","max-snippet":"max-snippet:-1","max-image-preview":"max-image-preview:large","max-video-preview":"max-video-preview:-1"},"canonical":"https:\/\/www.clinicacemtro.com\/en\/alta-participacion-cemtro-xiii-congreso-bienal-setrade\/","og_locale":"en_US","og_type":"article","og_title":"XIII Congreso Bienal SETRADE - Cl\u00ednica CEMTRO","og_description":"El XIII Congreso Bienal SETRADE ha tenido una alta afluencia de p\u00fablico y ha contado con profesionales que trabajan en la Cl\u00ednica CEMTRO.","og_url":"https:\/\/www.clinicacemtro.com\/en\/alta-participacion-cemtro-xiii-congreso-bienal-setrade\/","og_site_name":"Cl\u00ednica CEMTRO","article_published_time":"2019-04-30T11:42:50+00:00","article_modified_time":"2019-08-26T06:09:21+00:00","og_image":[{"width":600,"height":400,"url":"https:\/\/www.clinicacemtro.com\/wp-content\/uploads\/2019\/04\/Noticias-WEB-2.png","type":"image\/png"}],"author":"Comunicaci\u00f3n Cemtro","twitter_card":"summary_large_image","twitter_misc":{"Written by":"Comunicaci\u00f3n Cemtro","Est. reading time":"3 minutes"},"schema":{"@context":"https:\/\/schema.org","@graph":[{"@type":"Article","@id":"https:\/\/www.clinicacemtro.com\/en\/alta-participacion-cemtro-xiii-congreso-bienal-setrade\/#article","isPartOf":{"@id":"https:\/\/www.clinicacemtro.com\/en\/alta-participacion-cemtro-xiii-congreso-bienal-setrade\/"},"author":{"name":"Comunicaci\u00f3n Cemtro","@id":"https:\/\/www.clinicacemtro.com\/en\/#\/schema\/person\/c5c00f21986e4bc9f0ad75977dce6042"},"headline":"Alta participaci\u00f3n de CEMTRO en el XIII Congreso Bienal SETRADE","datePublished":"2019-04-30T11:42:50+00:00","dateModified":"2019-08-26T06:09:21+00:00","mainEntityOfPage":{"@id":"https:\/\/www.clinicacemtro.com\/en\/alta-participacion-cemtro-xiii-congreso-bienal-setrade\/"},"wordCount":544,"commentCount":0,"image":{"@id":"https:\/\/www.clinicacemtro.com\/en\/alta-participacion-cemtro-xiii-congreso-bienal-setrade\/#primaryimage"},"thumbnailUrl":"https:\/\/www.clinicacemtro.com\/wp-content\/uploads\/2019\/04\/Noticias-WEB-2.png","keywords":["SETRADE","XIII Congreso Bienal SETRADE"],"articleSection":["Noticias"],"inLanguage":"en-US","potentialAction":[{"@type":"CommentAction","name":"Comment","target":["https:\/\/www.clinicacemtro.com\/en\/alta-participacion-cemtro-xiii-congreso-bienal-setrade\/#respond"]}]},{"@type":"WebPage","@id":"https:\/\/www.clinicacemtro.com\/en\/alta-participacion-cemtro-xiii-congreso-bienal-setrade\/","url":"https:\/\/www.clinicacemtro.com\/en\/alta-participacion-cemtro-xiii-congreso-bienal-setrade\/","name":"XIII Congreso Bienal SETRADE - Cl\u00ednica CEMTRO","isPartOf":{"@id":"https:\/\/www.clinicacemtro.com\/en\/#website"},"primaryImageOfPage":{"@id":"https:\/\/www.clinicacemtro.com\/en\/alta-participacion-cemtro-xiii-congreso-bienal-setrade\/#primaryimage"},"image":{"@id":"https:\/\/www.clinicacemtro.com\/en\/alta-participacion-cemtro-xiii-congreso-bienal-setrade\/#primaryimage"},"thumbnailUrl":"https:\/\/www.clinicacemtro.com\/wp-content\/uploads\/2019\/04\/Noticias-WEB-2.png","datePublished":"2019-04-30T11:42:50+00:00","dateModified":"2019-08-26T06:09:21+00:00","author":{"@id":"https:\/\/www.clinicacemtro.com\/en\/#\/schema\/person\/c5c00f21986e4bc9f0ad75977dce6042"},"description":"El XIII Congreso Bienal SETRADE ha tenido una alta afluencia de p\u00fablico y ha contado con profesionales que trabajan en la Cl\u00ednica CEMTRO.","inLanguage":"en-US","potentialAction":[{"@type":"ReadAction","target":["https:\/\/www.clinicacemtro.com\/en\/alta-participacion-cemtro-xiii-congreso-bienal-setrade\/"]}]},{"@type":"ImageObject","inLanguage":"en-US","@id":"https:\/\/www.clinicacemtro.com\/en\/alta-participacion-cemtro-xiii-congreso-bienal-setrade\/#primaryimage","url":"https:\/\/www.clinicacemtro.com\/wp-content\/uploads\/2019\/04\/Noticias-WEB-2.png","contentUrl":"https:\/\/www.clinicacemtro.com\/wp-content\/uploads\/2019\/04\/Noticias-WEB-2.png","width":600,"height":400,"caption":"XIII Congreso Bienal SETRADE"},{"@type":"WebSite","@id":"https:\/\/www.clinicacemtro.com\/en\/#website","url":"https:\/\/www.clinicacemtro.com\/en\/","name":"Cl\u00ednica CEMTRO","description":"","alternateName":"Cl\u00ednica CEMTRO","potentialAction":[{"@type":"SearchAction","target":{"@type":"EntryPoint","urlTemplate":"https:\/\/www.clinicacemtro.com\/en\/?s={search_term_string}"},"query-input":{"@type":"PropertyValueSpecification","valueRequired":true,"valueName":"search_term_string"}}],"inLanguage":"en-US"},{"@type":"Person","@id":"https:\/\/www.clinicacemtro.com\/en\/#\/schema\/person\/c5c00f21986e4bc9f0ad75977dce6042","name":"Comunicaci\u00f3n Cemtro","url":"https:\/\/www.clinicacemtro.com\/en\/author\/comucemtro\/"}]}},"post_mailing_queue_ids":[],"_links":{"self":[{"href":"https:\/\/www.clinicacemtro.com\/en\/wp-json\/wp\/v2\/posts\/15392","targetHints":{"allow":["GET"]}}],"collection":[{"href":"https:\/\/www.clinicacemtro.com\/en\/wp-json\/wp\/v2\/posts"}],"about":[{"href":"https:\/\/www.clinicacemtro.com\/en\/wp-json\/wp\/v2\/types\/post"}],"author":[{"embeddable":true,"href":"https:\/\/www.clinicacemtro.com\/en\/wp-json\/wp\/v2\/users\/2"}],"replies":[{"embeddable":true,"href":"https:\/\/www.clinicacemtro.com\/en\/wp-json\/wp\/v2\/comments?post=15392"}],"version-history":[{"count":0,"href":"https:\/\/www.clinicacemtro.com\/en\/wp-json\/wp\/v2\/posts\/15392\/revisions"}],"wp:featuredmedia":[{"embeddable":true,"href":"https:\/\/www.clinicacemtro.com\/en\/wp-json\/wp\/v2\/media\/15389"}],"wp:attachment":[{"href":"https:\/\/www.clinicacemtro.com\/en\/wp-json\/wp\/v2\/media?parent=15392"}],"wp:term":[{"taxonomy":"category","embeddable":true,"href":"https:\/\/www.clinicacemtro.com\/en\/wp-json\/wp\/v2\/categories?post=15392"},{"taxonomy":"post_tag","embeddable":true,"href":"https:\/\/www.clinicacemtro.com\/en\/wp-json\/wp\/v2\/tags?post=15392"}],"curies":[{"name":"wp","href":"https:\/\/api.w.org\/{rel}","templated":true}]}}