{"id":14392,"date":"2019-03-05T14:42:53","date_gmt":"2019-03-05T14:42:53","guid":{"rendered":"https:\/\/clinicacemtro.com\/?p=14392"},"modified":"2019-09-19T07:09:21","modified_gmt":"2019-09-19T07:09:21","slug":"clinica-cemtro-premio-nacional-prever-2018","status":"publish","type":"post","link":"https:\/\/www.clinicacemtro.com\/en\/clinica-cemtro-premio-nacional-prever-2018\/","title":{"rendered":"Cl\u00ednica CEMTRO recibe el Premio Nacional Prever 2018"},"content":{"rendered":"<p><a href=\"https:\/\/www.clinicacemtro.com\" target=\"_blank\" rel=\"noopener\"><strong>Cl\u00ednica CEMTRO<\/strong><\/a> ha recibido el <strong>Premio Nacional Prever 2018<\/strong>\u00a0en la categor\u00eda de Empresas e Instituciones en reconocimiento a su <strong>labor en pro de la implantaci\u00f3n y divulgaci\u00f3n de la Prevenci\u00f3n de Riesgos Laborales<\/strong>.<\/p>\n<p>El Premio Nacional Prever se entrega de manera anual en con el <strong>objetivo de premiar a distintos profesionales, empresas o entidades que destaquen por su labor en pro de la prevenci\u00f3n de los riesgos laborales dentro y fuera de Espa\u00f1a<\/strong>.\u00a0 Este a\u00f1o se ha realizado la entrega en colaboraci\u00f3n con el Instituto Vasco de Seguridad y Salud Laborales (OSALAN) y el Departamento de Trabajo y Justicia del Gobierno Vasco en <strong>Bilbao<\/strong>.<\/p>\n<figure id=\"attachment_14402\" aria-describedby=\"caption-attachment-14402\" style=\"width: 800px\" class=\"wp-caption aligncenter\"><img loading=\"lazy\" decoding=\"async\" class=\"wp-image-14402\" title=\"Clinica_CEMTRO_Premio_PREVER_2018\" src=\"https:\/\/www.clinicacemtro.com\/wp-content\/uploads\/2019\/03\/Premio-Nacional1.jpg\" alt=\"Clinica CEMTRO Premio Prever 2018\" width=\"800\" height=\"1120\" srcset=\"https:\/\/www.clinicacemtro.com\/wp-content\/uploads\/2019\/03\/Premio-Nacional1.jpg 1700w, https:\/\/www.clinicacemtro.com\/wp-content\/uploads\/2019\/03\/Premio-Nacional1-600x840.jpg 600w, https:\/\/www.clinicacemtro.com\/wp-content\/uploads\/2019\/03\/Premio-Nacional1-214x300.jpg 214w, https:\/\/www.clinicacemtro.com\/wp-content\/uploads\/2019\/03\/Premio-Nacional1-768x1075.jpg 768w, https:\/\/www.clinicacemtro.com\/wp-content\/uploads\/2019\/03\/Premio-Nacional1-731x1024.jpg 731w\" sizes=\"auto, (max-width: 800px) 100vw, 800px\" \/><figcaption id=\"caption-attachment-14402\" class=\"wp-caption-text\">Francisco Garc\u00eda, Director de Calidad, sostiene el Premio Nacional Prever 2018<\/figcaption><\/figure>\n<p>El <strong>Consejo General de Relaciones Industriales y Ciencias del Trabajo<\/strong> (CGRICT), consciente de la importancia que tiene la prevenci\u00f3n de los riesgos laborales en el mundo de las Relaciones Industriales, crea en 1998 el Premio Nacional Prever. El origen de su nombre viene del dicho castellano <strong>&#8220;mejor es prever lo no llegado que disputar sobre lo pasado&#8221;<\/strong>.<\/p>\n<h2>Premio Nacional Prever<\/h2>\n<p>Este premio se ha convertido en un<strong> referente dentro de la prevenci\u00f3n de los riesgos laborales a nivel nacional e internacional<\/strong> gracias a la colaboraci\u00f3n de las Direcciones Generales de Trabajo y de Prevenci\u00f3n de Riesgos Laborales de las distintas Comunidades Aut\u00f3nomas, el Instituto Nacional de Seguridad e Higiene en el Trabajo, los Institutos Auton\u00f3micos de Seguridad y Salud en el Trabajo, la Asociaci\u00f3n Latinoamericana de Salud Ocupacional (ALSO), la AISS y la OISS.<\/p>\n<p>Los <strong>candidatos<\/strong> son propuestos por los premiados el a\u00f1o anterior, las Direcciones Generales de Trabajo y de Prevenci\u00f3n de Riesgos Laborales de las distintas Comunidades Aut\u00f3nomas, el Instituto Nacional de Seguridad e Higiene en el Trabajo, los Institutos Auton\u00f3micos de Seguridad y Salud en el Trabajo, la Asociaci\u00f3n Latinoamericana de Salud Ocupacional (ALSO), la AISS y la OISS a una Comisi\u00f3n Mixta del CGRICT, con los organismos antes citados, denominada Comisi\u00f3n Prever, que es quien en definitiva concede los galardones cada a\u00f1o.<\/p>\n","protected":false},"excerpt":{"rendered":"<p>Cl\u00ednica CEMTRO ha recibido el Premio Nacional Prever 2018\u00a0en la categor\u00eda de Empresas e Instituciones en reconocimiento a su labor en pro de la implantaci\u00f3n y divulgaci\u00f3n de la Prevenci\u00f3n de Riesgos Laborales. El Premio Nacional Prever se entrega de manera anual en con el objetivo de premiar a distintos profesionales, empresas o entidades que&#8230;<\/p>\n","protected":false},"author":2,"featured_media":14401,"comment_status":"open","ping_status":"open","sticky":false,"template":"","format":"standard","meta":{"inline_featured_image":false,"footnotes":""},"categories":[558],"tags":[594,595],"class_list":["post-14392","post","type-post","status-publish","format-standard","has-post-thumbnail","hentry","category-noticias-en","tag-premio-nacional-prever-en","tag-premio-nacional-prever-2018-en"],"acf":[],"yoast_head":"<!-- This site is optimized with the Yoast SEO plugin v27.3 - https:\/\/yoast.com\/product\/yoast-seo-wordpress\/ -->\n<title>Premio Nacional Prever 2018 CEMTRO<\/title>\n<meta name=\"description\" content=\"Cl\u00ednica CEMTRO recibe el Premio Nacional Prever 2018 CEMTRO por su labor en pro de la implantaci\u00f3n y divulgaci\u00f3n de la Prevenci\u00f3n de Riesgos Laborales..\" \/>\n<meta name=\"robots\" content=\"index, follow, max-snippet:-1, max-image-preview:large, max-video-preview:-1\" \/>\n<link rel=\"canonical\" href=\"https:\/\/www.clinicacemtro.com\/en\/clinica-cemtro-premio-nacional-prever-2018\/\" \/>\n<meta property=\"og:locale\" content=\"en_US\" \/>\n<meta property=\"og:type\" content=\"article\" \/>\n<meta property=\"og:title\" content=\"Premio Nacional Prever 2018 CEMTRO\" \/>\n<meta property=\"og:description\" content=\"Cl\u00ednica CEMTRO recibe el Premio Nacional Prever 2018 CEMTRO por su labor en pro de la implantaci\u00f3n y divulgaci\u00f3n de la Prevenci\u00f3n de Riesgos Laborales..\" \/>\n<meta property=\"og:url\" content=\"https:\/\/www.clinicacemtro.com\/en\/clinica-cemtro-premio-nacional-prever-2018\/\" \/>\n<meta property=\"og:site_name\" content=\"Cl\u00ednica CEMTRO\" \/>\n<meta property=\"article:published_time\" content=\"2019-03-05T14:42:53+00:00\" \/>\n<meta property=\"article:modified_time\" content=\"2019-09-19T07:09:21+00:00\" \/>\n<meta property=\"og:image\" content=\"https:\/\/www.clinicacemtro.com\/wp-content\/uploads\/2019\/03\/Noticias-WEB-1.png\" \/>\n\t<meta property=\"og:image:width\" content=\"600\" \/>\n\t<meta property=\"og:image:height\" content=\"400\" \/>\n\t<meta property=\"og:image:type\" content=\"image\/png\" \/>\n<meta name=\"author\" content=\"Comunicaci\u00f3n Cemtro\" \/>\n<meta name=\"twitter:card\" content=\"summary_large_image\" \/>\n<meta name=\"twitter:label1\" content=\"Written by\" \/>\n\t<meta name=\"twitter:data1\" content=\"Comunicaci\u00f3n Cemtro\" \/>\n\t<meta name=\"twitter:label2\" content=\"Est. reading time\" \/>\n\t<meta name=\"twitter:data2\" content=\"2 minutes\" \/>\n<script type=\"application\/ld+json\" class=\"yoast-schema-graph\">{\"@context\":\"https:\\\/\\\/schema.org\",\"@graph\":[{\"@type\":\"Article\",\"@id\":\"https:\\\/\\\/www.clinicacemtro.com\\\/en\\\/clinica-cemtro-premio-nacional-prever-2018\\\/#article\",\"isPartOf\":{\"@id\":\"https:\\\/\\\/www.clinicacemtro.com\\\/en\\\/clinica-cemtro-premio-nacional-prever-2018\\\/\"},\"author\":{\"name\":\"Comunicaci\u00f3n Cemtro\",\"@id\":\"https:\\\/\\\/www.clinicacemtro.com\\\/en\\\/#\\\/schema\\\/person\\\/c5c00f21986e4bc9f0ad75977dce6042\"},\"headline\":\"Cl\u00ednica CEMTRO recibe el Premio Nacional Prever 2018\",\"datePublished\":\"2019-03-05T14:42:53+00:00\",\"dateModified\":\"2019-09-19T07:09:21+00:00\",\"mainEntityOfPage\":{\"@id\":\"https:\\\/\\\/www.clinicacemtro.com\\\/en\\\/clinica-cemtro-premio-nacional-prever-2018\\\/\"},\"wordCount\":369,\"commentCount\":0,\"image\":{\"@id\":\"https:\\\/\\\/www.clinicacemtro.com\\\/en\\\/clinica-cemtro-premio-nacional-prever-2018\\\/#primaryimage\"},\"thumbnailUrl\":\"https:\\\/\\\/www.clinicacemtro.com\\\/wp-content\\\/uploads\\\/2019\\\/03\\\/Noticias-WEB-1.png\",\"keywords\":[\"Premio Nacional Prever\",\"Premio Nacional PREVER 2018\"],\"articleSection\":[\"Noticias\"],\"inLanguage\":\"en-US\",\"potentialAction\":[{\"@type\":\"CommentAction\",\"name\":\"Comment\",\"target\":[\"https:\\\/\\\/www.clinicacemtro.com\\\/en\\\/clinica-cemtro-premio-nacional-prever-2018\\\/#respond\"]}]},{\"@type\":\"WebPage\",\"@id\":\"https:\\\/\\\/www.clinicacemtro.com\\\/en\\\/clinica-cemtro-premio-nacional-prever-2018\\\/\",\"url\":\"https:\\\/\\\/www.clinicacemtro.com\\\/en\\\/clinica-cemtro-premio-nacional-prever-2018\\\/\",\"name\":\"Premio Nacional Prever 2018 CEMTRO\",\"isPartOf\":{\"@id\":\"https:\\\/\\\/www.clinicacemtro.com\\\/en\\\/#website\"},\"primaryImageOfPage\":{\"@id\":\"https:\\\/\\\/www.clinicacemtro.com\\\/en\\\/clinica-cemtro-premio-nacional-prever-2018\\\/#primaryimage\"},\"image\":{\"@id\":\"https:\\\/\\\/www.clinicacemtro.com\\\/en\\\/clinica-cemtro-premio-nacional-prever-2018\\\/#primaryimage\"},\"thumbnailUrl\":\"https:\\\/\\\/www.clinicacemtro.com\\\/wp-content\\\/uploads\\\/2019\\\/03\\\/Noticias-WEB-1.png\",\"datePublished\":\"2019-03-05T14:42:53+00:00\",\"dateModified\":\"2019-09-19T07:09:21+00:00\",\"author\":{\"@id\":\"https:\\\/\\\/www.clinicacemtro.com\\\/en\\\/#\\\/schema\\\/person\\\/c5c00f21986e4bc9f0ad75977dce6042\"},\"description\":\"Cl\u00ednica CEMTRO recibe el Premio Nacional Prever 2018 CEMTRO por su labor en pro de la implantaci\u00f3n y divulgaci\u00f3n de la Prevenci\u00f3n de Riesgos Laborales..\",\"inLanguage\":\"en-US\",\"potentialAction\":[{\"@type\":\"ReadAction\",\"target\":[\"https:\\\/\\\/www.clinicacemtro.com\\\/en\\\/clinica-cemtro-premio-nacional-prever-2018\\\/\"]}]},{\"@type\":\"ImageObject\",\"inLanguage\":\"en-US\",\"@id\":\"https:\\\/\\\/www.clinicacemtro.com\\\/en\\\/clinica-cemtro-premio-nacional-prever-2018\\\/#primaryimage\",\"url\":\"https:\\\/\\\/www.clinicacemtro.com\\\/wp-content\\\/uploads\\\/2019\\\/03\\\/Noticias-WEB-1.png\",\"contentUrl\":\"https:\\\/\\\/www.clinicacemtro.com\\\/wp-content\\\/uploads\\\/2019\\\/03\\\/Noticias-WEB-1.png\",\"width\":600,\"height\":400,\"caption\":\"Premio Nacional Prever 2018 CEMTRO\"},{\"@type\":\"WebSite\",\"@id\":\"https:\\\/\\\/www.clinicacemtro.com\\\/en\\\/#website\",\"url\":\"https:\\\/\\\/www.clinicacemtro.com\\\/en\\\/\",\"name\":\"Cl\u00ednica CEMTRO\",\"description\":\"\",\"alternateName\":\"Cl\u00ednica CEMTRO\",\"potentialAction\":[{\"@type\":\"SearchAction\",\"target\":{\"@type\":\"EntryPoint\",\"urlTemplate\":\"https:\\\/\\\/www.clinicacemtro.com\\\/en\\\/?s={search_term_string}\"},\"query-input\":{\"@type\":\"PropertyValueSpecification\",\"valueRequired\":true,\"valueName\":\"search_term_string\"}}],\"inLanguage\":\"en-US\"},{\"@type\":\"Person\",\"@id\":\"https:\\\/\\\/www.clinicacemtro.com\\\/en\\\/#\\\/schema\\\/person\\\/c5c00f21986e4bc9f0ad75977dce6042\",\"name\":\"Comunicaci\u00f3n Cemtro\",\"url\":\"https:\\\/\\\/www.clinicacemtro.com\\\/en\\\/author\\\/comucemtro\\\/\"}]}<\/script>\n<!-- \/ Yoast SEO plugin. -->","yoast_head_json":{"title":"Premio Nacional Prever 2018 CEMTRO","description":"Cl\u00ednica CEMTRO recibe el Premio Nacional Prever 2018 CEMTRO por su labor en pro de la implantaci\u00f3n y divulgaci\u00f3n de la Prevenci\u00f3n de Riesgos Laborales..","robots":{"index":"index","follow":"follow","max-snippet":"max-snippet:-1","max-image-preview":"max-image-preview:large","max-video-preview":"max-video-preview:-1"},"canonical":"https:\/\/www.clinicacemtro.com\/en\/clinica-cemtro-premio-nacional-prever-2018\/","og_locale":"en_US","og_type":"article","og_title":"Premio Nacional Prever 2018 CEMTRO","og_description":"Cl\u00ednica CEMTRO recibe el Premio Nacional Prever 2018 CEMTRO por su labor en pro de la implantaci\u00f3n y divulgaci\u00f3n de la Prevenci\u00f3n de Riesgos Laborales..","og_url":"https:\/\/www.clinicacemtro.com\/en\/clinica-cemtro-premio-nacional-prever-2018\/","og_site_name":"Cl\u00ednica CEMTRO","article_published_time":"2019-03-05T14:42:53+00:00","article_modified_time":"2019-09-19T07:09:21+00:00","og_image":[{"width":600,"height":400,"url":"https:\/\/www.clinicacemtro.com\/wp-content\/uploads\/2019\/03\/Noticias-WEB-1.png","type":"image\/png"}],"author":"Comunicaci\u00f3n Cemtro","twitter_card":"summary_large_image","twitter_misc":{"Written by":"Comunicaci\u00f3n Cemtro","Est. reading time":"2 minutes"},"schema":{"@context":"https:\/\/schema.org","@graph":[{"@type":"Article","@id":"https:\/\/www.clinicacemtro.com\/en\/clinica-cemtro-premio-nacional-prever-2018\/#article","isPartOf":{"@id":"https:\/\/www.clinicacemtro.com\/en\/clinica-cemtro-premio-nacional-prever-2018\/"},"author":{"name":"Comunicaci\u00f3n Cemtro","@id":"https:\/\/www.clinicacemtro.com\/en\/#\/schema\/person\/c5c00f21986e4bc9f0ad75977dce6042"},"headline":"Cl\u00ednica CEMTRO recibe el Premio Nacional Prever 2018","datePublished":"2019-03-05T14:42:53+00:00","dateModified":"2019-09-19T07:09:21+00:00","mainEntityOfPage":{"@id":"https:\/\/www.clinicacemtro.com\/en\/clinica-cemtro-premio-nacional-prever-2018\/"},"wordCount":369,"commentCount":0,"image":{"@id":"https:\/\/www.clinicacemtro.com\/en\/clinica-cemtro-premio-nacional-prever-2018\/#primaryimage"},"thumbnailUrl":"https:\/\/www.clinicacemtro.com\/wp-content\/uploads\/2019\/03\/Noticias-WEB-1.png","keywords":["Premio Nacional Prever","Premio Nacional PREVER 2018"],"articleSection":["Noticias"],"inLanguage":"en-US","potentialAction":[{"@type":"CommentAction","name":"Comment","target":["https:\/\/www.clinicacemtro.com\/en\/clinica-cemtro-premio-nacional-prever-2018\/#respond"]}]},{"@type":"WebPage","@id":"https:\/\/www.clinicacemtro.com\/en\/clinica-cemtro-premio-nacional-prever-2018\/","url":"https:\/\/www.clinicacemtro.com\/en\/clinica-cemtro-premio-nacional-prever-2018\/","name":"Premio Nacional Prever 2018 CEMTRO","isPartOf":{"@id":"https:\/\/www.clinicacemtro.com\/en\/#website"},"primaryImageOfPage":{"@id":"https:\/\/www.clinicacemtro.com\/en\/clinica-cemtro-premio-nacional-prever-2018\/#primaryimage"},"image":{"@id":"https:\/\/www.clinicacemtro.com\/en\/clinica-cemtro-premio-nacional-prever-2018\/#primaryimage"},"thumbnailUrl":"https:\/\/www.clinicacemtro.com\/wp-content\/uploads\/2019\/03\/Noticias-WEB-1.png","datePublished":"2019-03-05T14:42:53+00:00","dateModified":"2019-09-19T07:09:21+00:00","author":{"@id":"https:\/\/www.clinicacemtro.com\/en\/#\/schema\/person\/c5c00f21986e4bc9f0ad75977dce6042"},"description":"Cl\u00ednica CEMTRO recibe el Premio Nacional Prever 2018 CEMTRO por su labor en pro de la implantaci\u00f3n y divulgaci\u00f3n de la Prevenci\u00f3n de Riesgos Laborales..","inLanguage":"en-US","potentialAction":[{"@type":"ReadAction","target":["https:\/\/www.clinicacemtro.com\/en\/clinica-cemtro-premio-nacional-prever-2018\/"]}]},{"@type":"ImageObject","inLanguage":"en-US","@id":"https:\/\/www.clinicacemtro.com\/en\/clinica-cemtro-premio-nacional-prever-2018\/#primaryimage","url":"https:\/\/www.clinicacemtro.com\/wp-content\/uploads\/2019\/03\/Noticias-WEB-1.png","contentUrl":"https:\/\/www.clinicacemtro.com\/wp-content\/uploads\/2019\/03\/Noticias-WEB-1.png","width":600,"height":400,"caption":"Premio Nacional Prever 2018 CEMTRO"},{"@type":"WebSite","@id":"https:\/\/www.clinicacemtro.com\/en\/#website","url":"https:\/\/www.clinicacemtro.com\/en\/","name":"Cl\u00ednica CEMTRO","description":"","alternateName":"Cl\u00ednica CEMTRO","potentialAction":[{"@type":"SearchAction","target":{"@type":"EntryPoint","urlTemplate":"https:\/\/www.clinicacemtro.com\/en\/?s={search_term_string}"},"query-input":{"@type":"PropertyValueSpecification","valueRequired":true,"valueName":"search_term_string"}}],"inLanguage":"en-US"},{"@type":"Person","@id":"https:\/\/www.clinicacemtro.com\/en\/#\/schema\/person\/c5c00f21986e4bc9f0ad75977dce6042","name":"Comunicaci\u00f3n Cemtro","url":"https:\/\/www.clinicacemtro.com\/en\/author\/comucemtro\/"}]}},"post_mailing_queue_ids":[],"_links":{"self":[{"href":"https:\/\/www.clinicacemtro.com\/en\/wp-json\/wp\/v2\/posts\/14392","targetHints":{"allow":["GET"]}}],"collection":[{"href":"https:\/\/www.clinicacemtro.com\/en\/wp-json\/wp\/v2\/posts"}],"about":[{"href":"https:\/\/www.clinicacemtro.com\/en\/wp-json\/wp\/v2\/types\/post"}],"author":[{"embeddable":true,"href":"https:\/\/www.clinicacemtro.com\/en\/wp-json\/wp\/v2\/users\/2"}],"replies":[{"embeddable":true,"href":"https:\/\/www.clinicacemtro.com\/en\/wp-json\/wp\/v2\/comments?post=14392"}],"version-history":[{"count":0,"href":"https:\/\/www.clinicacemtro.com\/en\/wp-json\/wp\/v2\/posts\/14392\/revisions"}],"wp:featuredmedia":[{"embeddable":true,"href":"https:\/\/www.clinicacemtro.com\/en\/wp-json\/wp\/v2\/media\/14401"}],"wp:attachment":[{"href":"https:\/\/www.clinicacemtro.com\/en\/wp-json\/wp\/v2\/media?parent=14392"}],"wp:term":[{"taxonomy":"category","embeddable":true,"href":"https:\/\/www.clinicacemtro.com\/en\/wp-json\/wp\/v2\/categories?post=14392"},{"taxonomy":"post_tag","embeddable":true,"href":"https:\/\/www.clinicacemtro.com\/en\/wp-json\/wp\/v2\/tags?post=14392"}],"curies":[{"name":"wp","href":"https:\/\/api.w.org\/{rel}","templated":true}]}}