{"id":14251,"date":"2019-01-29T08:57:11","date_gmt":"2019-01-29T08:57:11","guid":{"rendered":"https:\/\/clinicacemtro.com\/exito-xviii-curso-internacional-de-rodilla\/"},"modified":"2019-09-19T07:36:56","modified_gmt":"2019-09-19T07:36:56","slug":"exito-xviii-curso-internacional-de-rodilla","status":"publish","type":"post","link":"https:\/\/www.clinicacemtro.com\/en\/exito-xviii-curso-internacional-de-rodilla\/","title":{"rendered":"\u00c9xito en la celebraci\u00f3n del XVIII Curso Internacional Te\u00f3rico-Pr\u00e1ctico de Patolog\u00eda de Rodilla"},"content":{"rendered":"<p>La celebraci\u00f3n del <a href=\"http:\/\/www.educacionclinicacemtro.com\/curso_internacional_patologia_de_rodilla\/\"><strong>XVIII Curso\u00a0Internacional Te\u00f3rico-Pr\u00e1ctico de Patolog\u00eda de Rodilla<\/strong><\/a> ha sido todo un \u00e9xito. Los d\u00edas 24, 25 y 26 de enero de 2019 se han reunido en el Sal\u00f3n de Actos de Cl\u00ednica CEMTRO expertos nacionales e internacionales para revisar los <strong>conceptos actuales de la rodilla y la patolog\u00eda del aparato extensor de la rodilla<\/strong>.<\/p>\n<p style=\"text-align: center;\"><iframe loading=\"lazy\" src=\"https:\/\/www.youtube.com\/embed\/Bpj7_S5-c-g\" width=\"700\" height=\"394\" frameborder=\"0\" allowfullscreen=\"allowfullscreen\"><span data-mce-type=\"bookmark\" style=\"display: inline-block; width: 0px; overflow: hidden; line-height: 0;\" class=\"mce_SELRES_start\">\ufeff<\/span><span data-mce-type=\"bookmark\" style=\"display: inline-block; width: 0px; overflow: hidden; line-height: 0;\" class=\"mce_SELRES_start\">\ufeff<\/span><\/iframe><\/p>\n<p>El XVIII Curso\u00a0Internacional Te\u00f3rico-Pr\u00e1ctico de Patolog\u00eda de Rodilla ha dedicado gran espacio a la patolog\u00eda del aparato extensor de la rodilla<strong> desde la morfog\u00e9nesis y biomec\u00e1nica de la articulaci\u00f3n femoropatelar hasta la rotura del aparato extensor<\/strong> (tendones cuadricipital y patelar, r\u00f3tula) pasando por <strong>la inestabilidad demoropatelar y las luxaciones agudas y cr\u00f3nicas de la r\u00f3tula<\/strong>.<\/p>\n<p><img loading=\"lazy\" decoding=\"async\" class=\"aligncenter wp-image-13738 size-full\" title=\"Asistentes_Curso_Patologia_Rodilla\" src=\"https:\/\/www.clinicacemtro.com\/wp-content\/uploads\/2019\/01\/Asistentes_Curso_Patologia_Rodilla.jpg\" alt=\"Asistentes Curso Patologia Rodilla\" width=\"800\" height=\"533\" srcset=\"https:\/\/www.clinicacemtro.com\/wp-content\/uploads\/2019\/01\/Asistentes_Curso_Patologia_Rodilla.jpg 800w, https:\/\/www.clinicacemtro.com\/wp-content\/uploads\/2019\/01\/Asistentes_Curso_Patologia_Rodilla-600x400.jpg 600w, https:\/\/www.clinicacemtro.com\/wp-content\/uploads\/2019\/01\/Asistentes_Curso_Patologia_Rodilla-300x200.jpg 300w, https:\/\/www.clinicacemtro.com\/wp-content\/uploads\/2019\/01\/Asistentes_Curso_Patologia_Rodilla-768x512.jpg 768w\" sizes=\"auto, (max-width: 800px) 100vw, 800px\" \/><\/p>\n<h3>Curso Sat\u00e9lite de formaci\u00f3n en Implante de Condrocitos<\/h3>\n<p><em><strong>&#8220;El implante de condrocitos aut\u00f3logos es la gran alternativa para las lesiones de cart\u00edlago articular&#8221;<\/strong><\/em>. La Dra. Isabel Guill\u00e9n,\u00a0Jefa de la <a href=\"https:\/\/www.clinicacemtro.com\/en\/traumatology\/articular-cartilage-unit\/\">Unidad de Cart\u00edlago<\/a>, presenta de esta manera la t\u00e9cnica del <a href=\"https:\/\/www.iccimplantedecartilago.com\/\">implante de cart\u00edlago (ICC)<\/a>. En la ma\u00f1ana del jueves 24 de enero\u00a0se ha impartido el\u00a0<a href=\"http:\/\/www.educacionclinicacemtro.com\/curso_implante_de_cartilago\/\"><strong>III Curso Sat\u00e9lite de formaci\u00f3n en Implante de Condrocitos<\/strong><\/a>,\u00a0desarrollado por la Unidad de Cart\u00edlago e Investigaci\u00f3n de Cl\u00ednica CEMTRO. En este curso se han presentado <strong>resultados del ICC en rodilla y tobillo<\/strong>,\u00a0la <strong>experiencia en el hospital Universitario Dr. Peset de Valencia<\/strong> presentada por el Dr. Jos\u00e9 Antonio Blas y una<strong> cirug\u00eda en directo de ICC en tobillo<\/strong>. La conferencia magistral ha corrido a cargo del Dr. Pedro Guill\u00e9n, quien ha clausurado el curso sat\u00e9lite hablando sobre &#8220;El cart\u00edlago da\u00f1ado acosado por la investigaci\u00f3n&#8221;.<\/p>\n<p><img loading=\"lazy\" decoding=\"async\" class=\"aligncenter wp-image-13741 size-full\" title=\"Conferencia_Curso_Patologia_Rodilla\" src=\"https:\/\/www.clinicacemtro.com\/wp-content\/uploads\/2019\/01\/Conferencia_Curso_Patologia_Rodilla.jpg\" alt=\"Conferencia Curso Patologia Rodilla\" width=\"800\" height=\"533\" srcset=\"https:\/\/www.clinicacemtro.com\/wp-content\/uploads\/2019\/01\/Conferencia_Curso_Patologia_Rodilla.jpg 800w, https:\/\/www.clinicacemtro.com\/wp-content\/uploads\/2019\/01\/Conferencia_Curso_Patologia_Rodilla-600x400.jpg 600w, https:\/\/www.clinicacemtro.com\/wp-content\/uploads\/2019\/01\/Conferencia_Curso_Patologia_Rodilla-300x200.jpg 300w, https:\/\/www.clinicacemtro.com\/wp-content\/uploads\/2019\/01\/Conferencia_Curso_Patologia_Rodilla-768x512.jpg 768w\" sizes=\"auto, (max-width: 800px) 100vw, 800px\" \/><\/p>\n<h3>Primera jornada del Curso de Rodilla<\/h3>\n<p>La primera parte del XVIII Curso\u00a0Internacional Te\u00f3rico-Pr\u00e1ctico de Patolog\u00eda de Rodilla se ha celebrado durante la tarde del 24 de enero y se ha ocupado de la <strong>ciencia b\u00e1sica de rodilla, anatom\u00eda quir\u00fargica, ambiente sinovial, cart\u00edlago, ligamento, menisco, cart\u00edlago, ligamento cruzado anterior (LCA) y ligamento cruzado posterior (LCP)<\/strong>. El Dr. Guill\u00e9n ha sido el encargado de inaugurar e impartir la primera ponencia de la tarde: &#8220;Anatom\u00eda quir\u00fargica de la rodilla&#8221;. El <strong>Prof. Steve Abelow<\/strong> ha finalizado la primera jornada haciendo un repaso al estado actual en el mundo y el futuro del ligamento cruzado anterior: <em><strong>&#8220;El LCA es una masa de col\u00e1geno. Si lo colocas en el lugar correcto funciona. Si lo haces en el lugar equivocado, quiz\u00e1s no&#8221;<\/strong>.<\/em><\/p>\n<p><img loading=\"lazy\" decoding=\"async\" class=\"aligncenter wp-image-13743 size-full\" title=\"Curso_Rodilla_Clinica_Cemtro\" src=\"https:\/\/www.clinicacemtro.com\/wp-content\/uploads\/2019\/01\/Curso_Rodilla_Clinica_Cemtro.jpg\" alt=\"Curso Rodilla Clinica Cemtro\" width=\"800\" height=\"533\" srcset=\"https:\/\/www.clinicacemtro.com\/wp-content\/uploads\/2019\/01\/Curso_Rodilla_Clinica_Cemtro.jpg 800w, https:\/\/www.clinicacemtro.com\/wp-content\/uploads\/2019\/01\/Curso_Rodilla_Clinica_Cemtro-600x400.jpg 600w, https:\/\/www.clinicacemtro.com\/wp-content\/uploads\/2019\/01\/Curso_Rodilla_Clinica_Cemtro-300x200.jpg 300w, https:\/\/www.clinicacemtro.com\/wp-content\/uploads\/2019\/01\/Curso_Rodilla_Clinica_Cemtro-768x512.jpg 768w\" sizes=\"auto, (max-width: 800px) 100vw, 800px\" \/><\/p>\n<h3>Segunda jornada del Curso de Rodilla<\/h3>\n<p>En la segunda jornada del Curso el <strong>Prof. Javier Vaquero Mart\u00edn<\/strong> ha hablado sobre la artrosis f\u00e9moropatelar y su tratamiento,\u00a0el <strong>Prof. Jo\u00e3o Espregueira<\/strong> sobre la meniscectom\u00eda de la rodilla y el <strong>Prof. Ren\u00e9 Verdonk<\/strong> sobre aloinjertos de menisco. <em><strong>&#8220;No todas las inestabilidades rotulianas son iguales&#8221;<\/strong><\/em>, ha afirmado el\u00a0<strong>Prof. Vicente Sanch\u00eds Alfonso<\/strong> en su ponencia sobre la\u00a0evoluci\u00f3n y tratamiento del paciente con inestabilidad de r\u00f3tula. Por su parte, el Dr. Guill\u00e9n ha participado en el debate y ha opinado que <strong>&#8220;el\u00a0tend\u00f3n nunca se convierte en ligamento. Funciona, pero no existe un sustituto ideal&#8221;<\/strong>. La jornada ha finalizado con los <strong>talleres de manejo del <a href=\"http:\/\/wad-drguillen.com\/\">WAD<\/a> (artroscopio sin cables) y <a href=\"http:\/\/www.amplicel.com\/\">cultivos de condrocitos aut\u00f3logos<\/a><\/strong>.<\/p>\n<p><img loading=\"lazy\" decoding=\"async\" class=\"aligncenter wp-image-13745 size-full\" title=\"Curso_Internacional_Rodilla_2019\" src=\"https:\/\/www.clinicacemtro.com\/wp-content\/uploads\/2019\/01\/Curso_Internacional_Rodilla_2019.jpg\" alt=\"Curso Internacional Rodilla 2019\" width=\"800\" height=\"533\" srcset=\"https:\/\/www.clinicacemtro.com\/wp-content\/uploads\/2019\/01\/Curso_Internacional_Rodilla_2019.jpg 800w, https:\/\/www.clinicacemtro.com\/wp-content\/uploads\/2019\/01\/Curso_Internacional_Rodilla_2019-600x400.jpg 600w, https:\/\/www.clinicacemtro.com\/wp-content\/uploads\/2019\/01\/Curso_Internacional_Rodilla_2019-300x200.jpg 300w, https:\/\/www.clinicacemtro.com\/wp-content\/uploads\/2019\/01\/Curso_Internacional_Rodilla_2019-768x512.jpg 768w\" sizes=\"auto, (max-width: 800px) 100vw, 800px\" \/><\/p>\n<h3>Tercera jornada del Curso de Rodilla<\/h3>\n<p><strong><em>&#8220;El OAT es un injerto biol\u00f3gico v\u00e1lido de restaurar el hueso subcondral y aportar cart\u00edlago hialiano<\/em>&#8220;<\/strong>. El\u00a0<strong>Prof. Carlos Palavicini\u00a0<\/strong>ha impartido una de las dos conferencias magistrales del \u00faltimo d\u00eda del Curso y ha reflexionado sobre si la t\u00e9cnica de injerto aut\u00f3logo osteocondral patelar es una alternativa superior. La segunda conferencia magistral ha corrido a cargo del\u00a0<strong>Prof. Vicente Sanch\u00eds Alfonso<\/strong>, sobre el abordaje hol\u00edstico con dolor anterior de rodilla y ha afirmado que <strong>&#8220;hay que evaluar al paciente como un todo, y evaluar tambi\u00e9n la cadera o el tobillo&#8221;<\/strong>. El <strong>Prof. Guill\u00e9n<\/strong> ha hablado sobre medicina regenerativa de la rodilla en la \u00faltima conferencia, sentenciando que <em><strong>&#8220;la\u00a0<a href=\"https:\/\/www.clinicacemtro.com\/en\/traumatology\/knee-unit\/\" target=\"_blank\" rel=\"noopener\">rodilla<\/a> se ha beneficiado de los avances m\u00e9dicos de todos los tiempos&#8221;<\/strong><\/em>.<\/p>\n<p><img loading=\"lazy\" decoding=\"async\" class=\"aligncenter wp-image-13747 size-full\" title=\"Jornada_Curso_Patologias_Rodilla\" src=\"https:\/\/www.clinicacemtro.com\/wp-content\/uploads\/2019\/01\/Jornada_Curso_Patologias_Rodilla.jpg\" alt=\"Jornada Curso Patologias Rodilla\" width=\"800\" height=\"533\" srcset=\"https:\/\/www.clinicacemtro.com\/wp-content\/uploads\/2019\/01\/Jornada_Curso_Patologias_Rodilla.jpg 800w, https:\/\/www.clinicacemtro.com\/wp-content\/uploads\/2019\/01\/Jornada_Curso_Patologias_Rodilla-600x400.jpg 600w, https:\/\/www.clinicacemtro.com\/wp-content\/uploads\/2019\/01\/Jornada_Curso_Patologias_Rodilla-300x200.jpg 300w, https:\/\/www.clinicacemtro.com\/wp-content\/uploads\/2019\/01\/Jornada_Curso_Patologias_Rodilla-768x512.jpg 768w\" sizes=\"auto, (max-width: 800px) 100vw, 800px\" \/><\/p>\n<h3>Clausura del Curso de Rodilla<\/h3>\n<p><em><strong>&#8220;Al &#8216;carro&#8217; de la Traumatolog\u00eda espa\u00f1ola le falta la rueda de la investigaci\u00f3n. Y para ello le falta financiaci\u00f3n&#8221;<\/strong><\/em>. El Dr. Guill\u00e9n ha orquestado la jornada de clausura en la que han participado reconocidas autoridades de la ciencia y el deporte como son <strong>D. David Aganzo<\/strong> (presidente de la Asociaci\u00f3n de Futbolistas Espa\u00f1oles), <strong>D\u00f1a. Pilar Guill\u00e9n<\/strong> (Directora General de Cl\u00ednica CEMTRO), el<strong> Prof.\u00a0Jo\u00e3o Espregueira<\/strong>\u00a0(cirujano portugu\u00e9s especializado en Ortopedia Deportiva, Traumatolog\u00eda y Cirug\u00eda de Rodilla),<strong>\u00a0D. Antonio L. Doadrio<\/strong>\u00a0(Acad\u00e9mico de N\u00famero de la Real Academia Nacional de Farmacia),<strong> D. Jes\u00fas J. Pintor<\/strong>\u00a0(Acad\u00e9mico Secretario de la Real Academia Nacional de Farmacia)<strong>\u00a0y el Prof. Stephen Abelow\u00a0<\/strong>(Director de la Cl\u00ednica de Traumatolog\u00eda del Deporte de Lake Tahoe).<\/p>\n<p><img loading=\"lazy\" decoding=\"async\" class=\"aligncenter wp-image-13749 size-full\" title=\"Clausura_Curso_Patologia_Rodilla\" src=\"https:\/\/www.clinicacemtro.com\/wp-content\/uploads\/2019\/01\/Clausura_Curso_Patologia_Rodilla.jpg\" alt=\"Clausura Curso Patologia Rodilla\" width=\"800\" height=\"533\" srcset=\"https:\/\/www.clinicacemtro.com\/wp-content\/uploads\/2019\/01\/Clausura_Curso_Patologia_Rodilla.jpg 800w, https:\/\/www.clinicacemtro.com\/wp-content\/uploads\/2019\/01\/Clausura_Curso_Patologia_Rodilla-600x400.jpg 600w, https:\/\/www.clinicacemtro.com\/wp-content\/uploads\/2019\/01\/Clausura_Curso_Patologia_Rodilla-300x200.jpg 300w, https:\/\/www.clinicacemtro.com\/wp-content\/uploads\/2019\/01\/Clausura_Curso_Patologia_Rodilla-768x512.jpg 768w\" sizes=\"auto, (max-width: 800px) 100vw, 800px\" \/><\/p>\n<p>Al finalizar el evento, la <a href=\"http:\/\/www.fundacionpedroguillen.org\/\"><strong>Fundaci\u00f3n Dr. Pedro Guill\u00e9n<\/strong><\/a> y <strong>Cruz Roja Espa\u00f1ola<\/strong> han firmado un acuerdo marco de colaboraci\u00f3n.<\/p>\n","protected":false},"excerpt":{"rendered":"<p>La celebraci\u00f3n del XVIII Curso\u00a0Internacional Te\u00f3rico-Pr\u00e1ctico de Patolog\u00eda de Rodilla ha sido todo un \u00e9xito. Los d\u00edas 24, 25 y 26 de enero de 2019 se han reunido en el Sal\u00f3n de Actos de Cl\u00ednica CEMTRO expertos nacionales e internacionales para revisar los conceptos actuales de la rodilla y la patolog\u00eda del aparato extensor de&#8230;<\/p>\n","protected":false},"author":2,"featured_media":13752,"comment_status":"open","ping_status":"open","sticky":false,"template":"","format":"standard","meta":{"inline_featured_image":false,"footnotes":""},"categories":[558],"tags":[589],"class_list":["post-14251","post","type-post","status-publish","format-standard","has-post-thumbnail","hentry","category-noticias-en","tag-rodilla-en"],"acf":[],"yoast_head":"<!-- This site is optimized with the Yoast SEO plugin v27.3 - https:\/\/yoast.com\/product\/yoast-seo-wordpress\/ -->\n<title>XVIII Curso de Patolog\u00eda Rodilla - Cl\u00ednica CEMTRO<\/title>\n<meta name=\"description\" content=\"El XVIII Curso de Patolog\u00eda de Rodilla ha reunido a expertos nacionales e internacionales en patolog\u00eda de rodilla.\" \/>\n<meta name=\"robots\" content=\"index, follow, max-snippet:-1, max-image-preview:large, max-video-preview:-1\" \/>\n<link rel=\"canonical\" href=\"https:\/\/www.clinicacemtro.com\/exito-xviii-curso-internacional-de-rodilla\/\" \/>\n<meta property=\"og:locale\" content=\"en_US\" \/>\n<meta property=\"og:type\" content=\"article\" \/>\n<meta property=\"og:title\" content=\"XVIII Curso de Patolog\u00eda Rodilla - Cl\u00ednica CEMTRO\" \/>\n<meta property=\"og:description\" content=\"El XVIII Curso de Patolog\u00eda de Rodilla ha reunido a expertos nacionales e internacionales en patolog\u00eda de rodilla.\" \/>\n<meta property=\"og:url\" content=\"https:\/\/www.clinicacemtro.com\/exito-xviii-curso-internacional-de-rodilla\/\" \/>\n<meta property=\"og:site_name\" content=\"Cl\u00ednica CEMTRO\" \/>\n<meta property=\"article:published_time\" content=\"2019-01-29T08:57:11+00:00\" \/>\n<meta property=\"article:modified_time\" content=\"2019-09-19T07:36:56+00:00\" \/>\n<meta property=\"og:image\" content=\"https:\/\/www.clinicacemtro.com\/wp-content\/uploads\/2019\/01\/Curso_Teorico_Practico_Rodilla.jpg\" \/>\n\t<meta property=\"og:image:width\" content=\"600\" \/>\n\t<meta property=\"og:image:height\" content=\"400\" \/>\n\t<meta property=\"og:image:type\" content=\"image\/jpeg\" \/>\n<meta name=\"author\" content=\"Comunicaci\u00f3n Cemtro\" \/>\n<meta name=\"twitter:card\" content=\"summary_large_image\" \/>\n<meta name=\"twitter:label1\" content=\"Written by\" \/>\n\t<meta name=\"twitter:data1\" content=\"Comunicaci\u00f3n Cemtro\" \/>\n\t<meta name=\"twitter:label2\" content=\"Est. reading time\" \/>\n\t<meta name=\"twitter:data2\" content=\"4 minutes\" \/>\n<script type=\"application\/ld+json\" class=\"yoast-schema-graph\">{\"@context\":\"https:\\\/\\\/schema.org\",\"@graph\":[{\"@type\":\"Article\",\"@id\":\"https:\\\/\\\/www.clinicacemtro.com\\\/exito-xviii-curso-internacional-de-rodilla\\\/#article\",\"isPartOf\":{\"@id\":\"https:\\\/\\\/www.clinicacemtro.com\\\/exito-xviii-curso-internacional-de-rodilla\\\/\"},\"author\":{\"name\":\"Comunicaci\u00f3n Cemtro\",\"@id\":\"https:\\\/\\\/www.clinicacemtro.com\\\/en\\\/#\\\/schema\\\/person\\\/c5c00f21986e4bc9f0ad75977dce6042\"},\"headline\":\"\u00c9xito en la celebraci\u00f3n del XVIII Curso Internacional Te\u00f3rico-Pr\u00e1ctico de Patolog\u00eda de Rodilla\",\"datePublished\":\"2019-01-29T08:57:11+00:00\",\"dateModified\":\"2019-09-19T07:36:56+00:00\",\"mainEntityOfPage\":{\"@id\":\"https:\\\/\\\/www.clinicacemtro.com\\\/exito-xviii-curso-internacional-de-rodilla\\\/\"},\"wordCount\":880,\"commentCount\":0,\"image\":{\"@id\":\"https:\\\/\\\/www.clinicacemtro.com\\\/exito-xviii-curso-internacional-de-rodilla\\\/#primaryimage\"},\"thumbnailUrl\":\"https:\\\/\\\/www.clinicacemtro.com\\\/wp-content\\\/uploads\\\/2019\\\/01\\\/Curso_Teorico_Practico_Rodilla.jpg\",\"keywords\":[\"Rodilla\"],\"articleSection\":[\"Noticias\"],\"inLanguage\":\"en-US\",\"potentialAction\":[{\"@type\":\"CommentAction\",\"name\":\"Comment\",\"target\":[\"https:\\\/\\\/www.clinicacemtro.com\\\/exito-xviii-curso-internacional-de-rodilla\\\/#respond\"]}]},{\"@type\":\"WebPage\",\"@id\":\"https:\\\/\\\/www.clinicacemtro.com\\\/exito-xviii-curso-internacional-de-rodilla\\\/\",\"url\":\"https:\\\/\\\/www.clinicacemtro.com\\\/exito-xviii-curso-internacional-de-rodilla\\\/\",\"name\":\"XVIII Curso de Patolog\u00eda Rodilla - Cl\u00ednica CEMTRO\",\"isPartOf\":{\"@id\":\"https:\\\/\\\/www.clinicacemtro.com\\\/en\\\/#website\"},\"primaryImageOfPage\":{\"@id\":\"https:\\\/\\\/www.clinicacemtro.com\\\/exito-xviii-curso-internacional-de-rodilla\\\/#primaryimage\"},\"image\":{\"@id\":\"https:\\\/\\\/www.clinicacemtro.com\\\/exito-xviii-curso-internacional-de-rodilla\\\/#primaryimage\"},\"thumbnailUrl\":\"https:\\\/\\\/www.clinicacemtro.com\\\/wp-content\\\/uploads\\\/2019\\\/01\\\/Curso_Teorico_Practico_Rodilla.jpg\",\"datePublished\":\"2019-01-29T08:57:11+00:00\",\"dateModified\":\"2019-09-19T07:36:56+00:00\",\"author\":{\"@id\":\"https:\\\/\\\/www.clinicacemtro.com\\\/en\\\/#\\\/schema\\\/person\\\/c5c00f21986e4bc9f0ad75977dce6042\"},\"description\":\"El XVIII Curso de Patolog\u00eda de Rodilla ha reunido a expertos nacionales e internacionales en patolog\u00eda de rodilla.\",\"inLanguage\":\"en-US\",\"potentialAction\":[{\"@type\":\"ReadAction\",\"target\":[\"https:\\\/\\\/www.clinicacemtro.com\\\/exito-xviii-curso-internacional-de-rodilla\\\/\"]}]},{\"@type\":\"ImageObject\",\"inLanguage\":\"en-US\",\"@id\":\"https:\\\/\\\/www.clinicacemtro.com\\\/exito-xviii-curso-internacional-de-rodilla\\\/#primaryimage\",\"url\":\"https:\\\/\\\/www.clinicacemtro.com\\\/wp-content\\\/uploads\\\/2019\\\/01\\\/Curso_Teorico_Practico_Rodilla.jpg\",\"contentUrl\":\"https:\\\/\\\/www.clinicacemtro.com\\\/wp-content\\\/uploads\\\/2019\\\/01\\\/Curso_Teorico_Practico_Rodilla.jpg\",\"width\":600,\"height\":400,\"caption\":\"Curso Teorico Practico Rodilla\"},{\"@type\":\"WebSite\",\"@id\":\"https:\\\/\\\/www.clinicacemtro.com\\\/en\\\/#website\",\"url\":\"https:\\\/\\\/www.clinicacemtro.com\\\/en\\\/\",\"name\":\"Cl\u00ednica CEMTRO\",\"description\":\"\",\"alternateName\":\"Cl\u00ednica CEMTRO\",\"potentialAction\":[{\"@type\":\"SearchAction\",\"target\":{\"@type\":\"EntryPoint\",\"urlTemplate\":\"https:\\\/\\\/www.clinicacemtro.com\\\/en\\\/?s={search_term_string}\"},\"query-input\":{\"@type\":\"PropertyValueSpecification\",\"valueRequired\":true,\"valueName\":\"search_term_string\"}}],\"inLanguage\":\"en-US\"},{\"@type\":\"Person\",\"@id\":\"https:\\\/\\\/www.clinicacemtro.com\\\/en\\\/#\\\/schema\\\/person\\\/c5c00f21986e4bc9f0ad75977dce6042\",\"name\":\"Comunicaci\u00f3n Cemtro\",\"url\":\"https:\\\/\\\/www.clinicacemtro.com\\\/en\\\/author\\\/comucemtro\\\/\"}]}<\/script>\n<!-- \/ Yoast SEO plugin. -->","yoast_head_json":{"title":"XVIII Curso de Patolog\u00eda Rodilla - Cl\u00ednica CEMTRO","description":"El XVIII Curso de Patolog\u00eda de Rodilla ha reunido a expertos nacionales e internacionales en patolog\u00eda de rodilla.","robots":{"index":"index","follow":"follow","max-snippet":"max-snippet:-1","max-image-preview":"max-image-preview:large","max-video-preview":"max-video-preview:-1"},"canonical":"https:\/\/www.clinicacemtro.com\/exito-xviii-curso-internacional-de-rodilla\/","og_locale":"en_US","og_type":"article","og_title":"XVIII Curso de Patolog\u00eda Rodilla - Cl\u00ednica CEMTRO","og_description":"El XVIII Curso de Patolog\u00eda de Rodilla ha reunido a expertos nacionales e internacionales en patolog\u00eda de rodilla.","og_url":"https:\/\/www.clinicacemtro.com\/exito-xviii-curso-internacional-de-rodilla\/","og_site_name":"Cl\u00ednica CEMTRO","article_published_time":"2019-01-29T08:57:11+00:00","article_modified_time":"2019-09-19T07:36:56+00:00","og_image":[{"width":600,"height":400,"url":"https:\/\/www.clinicacemtro.com\/wp-content\/uploads\/2019\/01\/Curso_Teorico_Practico_Rodilla.jpg","type":"image\/jpeg"}],"author":"Comunicaci\u00f3n Cemtro","twitter_card":"summary_large_image","twitter_misc":{"Written by":"Comunicaci\u00f3n Cemtro","Est. reading time":"4 minutes"},"schema":{"@context":"https:\/\/schema.org","@graph":[{"@type":"Article","@id":"https:\/\/www.clinicacemtro.com\/exito-xviii-curso-internacional-de-rodilla\/#article","isPartOf":{"@id":"https:\/\/www.clinicacemtro.com\/exito-xviii-curso-internacional-de-rodilla\/"},"author":{"name":"Comunicaci\u00f3n Cemtro","@id":"https:\/\/www.clinicacemtro.com\/en\/#\/schema\/person\/c5c00f21986e4bc9f0ad75977dce6042"},"headline":"\u00c9xito en la celebraci\u00f3n del XVIII Curso Internacional Te\u00f3rico-Pr\u00e1ctico de Patolog\u00eda de Rodilla","datePublished":"2019-01-29T08:57:11+00:00","dateModified":"2019-09-19T07:36:56+00:00","mainEntityOfPage":{"@id":"https:\/\/www.clinicacemtro.com\/exito-xviii-curso-internacional-de-rodilla\/"},"wordCount":880,"commentCount":0,"image":{"@id":"https:\/\/www.clinicacemtro.com\/exito-xviii-curso-internacional-de-rodilla\/#primaryimage"},"thumbnailUrl":"https:\/\/www.clinicacemtro.com\/wp-content\/uploads\/2019\/01\/Curso_Teorico_Practico_Rodilla.jpg","keywords":["Rodilla"],"articleSection":["Noticias"],"inLanguage":"en-US","potentialAction":[{"@type":"CommentAction","name":"Comment","target":["https:\/\/www.clinicacemtro.com\/exito-xviii-curso-internacional-de-rodilla\/#respond"]}]},{"@type":"WebPage","@id":"https:\/\/www.clinicacemtro.com\/exito-xviii-curso-internacional-de-rodilla\/","url":"https:\/\/www.clinicacemtro.com\/exito-xviii-curso-internacional-de-rodilla\/","name":"XVIII Curso de Patolog\u00eda Rodilla - Cl\u00ednica CEMTRO","isPartOf":{"@id":"https:\/\/www.clinicacemtro.com\/en\/#website"},"primaryImageOfPage":{"@id":"https:\/\/www.clinicacemtro.com\/exito-xviii-curso-internacional-de-rodilla\/#primaryimage"},"image":{"@id":"https:\/\/www.clinicacemtro.com\/exito-xviii-curso-internacional-de-rodilla\/#primaryimage"},"thumbnailUrl":"https:\/\/www.clinicacemtro.com\/wp-content\/uploads\/2019\/01\/Curso_Teorico_Practico_Rodilla.jpg","datePublished":"2019-01-29T08:57:11+00:00","dateModified":"2019-09-19T07:36:56+00:00","author":{"@id":"https:\/\/www.clinicacemtro.com\/en\/#\/schema\/person\/c5c00f21986e4bc9f0ad75977dce6042"},"description":"El XVIII Curso de Patolog\u00eda de Rodilla ha reunido a expertos nacionales e internacionales en patolog\u00eda de rodilla.","inLanguage":"en-US","potentialAction":[{"@type":"ReadAction","target":["https:\/\/www.clinicacemtro.com\/exito-xviii-curso-internacional-de-rodilla\/"]}]},{"@type":"ImageObject","inLanguage":"en-US","@id":"https:\/\/www.clinicacemtro.com\/exito-xviii-curso-internacional-de-rodilla\/#primaryimage","url":"https:\/\/www.clinicacemtro.com\/wp-content\/uploads\/2019\/01\/Curso_Teorico_Practico_Rodilla.jpg","contentUrl":"https:\/\/www.clinicacemtro.com\/wp-content\/uploads\/2019\/01\/Curso_Teorico_Practico_Rodilla.jpg","width":600,"height":400,"caption":"Curso Teorico Practico Rodilla"},{"@type":"WebSite","@id":"https:\/\/www.clinicacemtro.com\/en\/#website","url":"https:\/\/www.clinicacemtro.com\/en\/","name":"Cl\u00ednica CEMTRO","description":"","alternateName":"Cl\u00ednica CEMTRO","potentialAction":[{"@type":"SearchAction","target":{"@type":"EntryPoint","urlTemplate":"https:\/\/www.clinicacemtro.com\/en\/?s={search_term_string}"},"query-input":{"@type":"PropertyValueSpecification","valueRequired":true,"valueName":"search_term_string"}}],"inLanguage":"en-US"},{"@type":"Person","@id":"https:\/\/www.clinicacemtro.com\/en\/#\/schema\/person\/c5c00f21986e4bc9f0ad75977dce6042","name":"Comunicaci\u00f3n Cemtro","url":"https:\/\/www.clinicacemtro.com\/en\/author\/comucemtro\/"}]}},"post_mailing_queue_ids":[],"_links":{"self":[{"href":"https:\/\/www.clinicacemtro.com\/en\/wp-json\/wp\/v2\/posts\/14251","targetHints":{"allow":["GET"]}}],"collection":[{"href":"https:\/\/www.clinicacemtro.com\/en\/wp-json\/wp\/v2\/posts"}],"about":[{"href":"https:\/\/www.clinicacemtro.com\/en\/wp-json\/wp\/v2\/types\/post"}],"author":[{"embeddable":true,"href":"https:\/\/www.clinicacemtro.com\/en\/wp-json\/wp\/v2\/users\/2"}],"replies":[{"embeddable":true,"href":"https:\/\/www.clinicacemtro.com\/en\/wp-json\/wp\/v2\/comments?post=14251"}],"version-history":[{"count":0,"href":"https:\/\/www.clinicacemtro.com\/en\/wp-json\/wp\/v2\/posts\/14251\/revisions"}],"wp:featuredmedia":[{"embeddable":true,"href":"https:\/\/www.clinicacemtro.com\/en\/wp-json\/wp\/v2\/media\/13752"}],"wp:attachment":[{"href":"https:\/\/www.clinicacemtro.com\/en\/wp-json\/wp\/v2\/media?parent=14251"}],"wp:term":[{"taxonomy":"category","embeddable":true,"href":"https:\/\/www.clinicacemtro.com\/en\/wp-json\/wp\/v2\/categories?post=14251"},{"taxonomy":"post_tag","embeddable":true,"href":"https:\/\/www.clinicacemtro.com\/en\/wp-json\/wp\/v2\/tags?post=14251"}],"curies":[{"name":"wp","href":"https:\/\/api.w.org\/{rel}","templated":true}]}}