{"id":13869,"date":"2019-02-05T09:02:06","date_gmt":"2019-02-05T09:02:06","guid":{"rendered":"https:\/\/clinicacemtro.com\/traumatologia-infantil-curso-formacion-avanzada-fijacion-externa-circular\/"},"modified":"2021-04-27T07:07:15","modified_gmt":"2021-04-27T07:07:15","slug":"curso-formacion-avanzada-fijacion-externa-circular","status":"publish","type":"post","link":"https:\/\/www.clinicacemtro.com\/en\/curso-formacion-avanzada-fijacion-externa-circular\/","title":{"rendered":"La Unidad de Traumatolog\u00eda Infantil ha participado en el I Curso Formaci\u00f3n Avanzada en Fijaci\u00f3n Externa Circular"},"content":{"rendered":"<p>Los <strong>Dres. Javier Alonso Hern\u00e1ndez y Juan Cabello Blanco<\/strong>, de la <a href=\"https:\/\/www.clinicacemtro.com\/traumatologia\/unidad-de-traumatologia-infantil\/\" target=\"_blank\" rel=\"noopener\">Unidad de Traumatolog\u00eda Infantil<\/a> de Cl\u00ednica CEMTRO, han participado en el&nbsp;<strong>I Curso Formaci\u00f3n Avanzada en Fijaci\u00f3n Externa Circular &#8211; M\u00f3dulo 3<\/strong>&nbsp;que se ha celebrado los pasados <strong>31 de enero y 1 de febrero de 2019<\/strong> en el Ayre Gran Hotel Col\u00f3n de Madrid.<\/p>\n<p>El Dr. Luis R. Ramos Pascua dirige este curso te\u00f3rico-pr\u00e1ctico de <strong>formaci\u00f3n avanzada en fijaci\u00f3n externa circular (F.E.C.)<\/strong>, fijaci\u00f3n utilizada para la correcci\u00f3n de deformidades y el alargamiento \u00f3seo. El Curso, organizado por <a href=\"http:\/\/www.smith-nephew.com\/education\/\" target=\"_blank\" rel=\"noopener\">Smith &amp; Nephew<\/a>, se ha dividido en 3 M\u00f3dulos: &#8220;Principios Generales de la F.E.C.&#8221; (M\u00f3dulo 1), &#8220;La F.E.C. en Trauma&#8221; (M\u00f3dulo 2) y &#8220;Correcciones en fijaci\u00f3n de pie y tobillo. <strong>Correcciones en fijaci\u00f3n infantil<\/strong>&#8221; (M\u00f3dulo 3).<\/p>\n<p>La primera jornada del m\u00f3dulo 3, codirigida por el Dr. Juan Carlos Garc\u00eda de la Blanca y celebrada el 31 de enero de 2019, se ha dedicado a la <strong>fijaci\u00f3n externa de pie y tobillo<\/strong> y ha contado con la participaci\u00f3n de los Dres. Enrique S\u00e1nchez Morata y&nbsp;Jes\u00fas Vil\u00e1 y Rico. Los <strong>Dres. Alonso y Cabello<\/strong>, de la <a href=\"https:\/\/www.clinicacemtro.com\/traumatologia\/unidad-de-traumatologia-infantil\/\">Unidad de Traumatolog\u00eda Infantil<\/a> de CEMTRO, han participado como monitores y ponentes el viernes 1 de febrero de 2019, durante la segunda jornada del M\u00f3dulo 3 del Curso dedicada a la <strong>fijaci\u00f3n externa infantil<\/strong>.<\/p>\n<p><img loading=\"lazy\" decoding=\"async\" class=\"aligncenter wp-image-13763 size-full\" title=\"Curso_Fijacion_Externa\" src=\"https:\/\/www.clinicacemtro.com\/wp-content\/uploads\/2019\/02\/Curso_Fijacion_Externa.jpg\" alt=\"Curso Fijacion Externa\" width=\"800\" height=\"600\" srcset=\"https:\/\/www.clinicacemtro.com\/wp-content\/uploads\/2019\/02\/Curso_Fijacion_Externa.jpg 800w, https:\/\/www.clinicacemtro.com\/wp-content\/uploads\/2019\/02\/Curso_Fijacion_Externa-600x450.jpg 600w, https:\/\/www.clinicacemtro.com\/wp-content\/uploads\/2019\/02\/Curso_Fijacion_Externa-300x225.jpg 300w, https:\/\/www.clinicacemtro.com\/wp-content\/uploads\/2019\/02\/Curso_Fijacion_Externa-768x576.jpg 768w\" sizes=\"auto, (max-width: 800px) 100vw, 800px\" \/><\/p>\n<h3>La Unidad de Traumatolog\u00eda Infantil en el Curso<\/h3>\n<p>El <strong>Dr. Javier Alonso<\/strong>, Jefe de la <a href=\"https:\/\/www.clinicacemtro.com\/traumatologia\/unidad-de-traumatologia-infantil\/\">Unidad de Traumatolog\u00eda Infantil<\/a> de Cl\u00ednica CEMTRO, ha impartido una ponencia sobre la <strong>enfermedad de Blount<\/strong>. Esta enfermedad es una <strong>alteraci\u00f3n del crecimiento en la tibia proximal del ni\u00f1o que produce enormes deformidades en la tibia proximal dando unos Genu Varo patol\u00f3gicos<\/strong>.<\/p>\n<p>El <strong>Dr. Juan Cabello<\/strong>, miembro de la <a href=\"https:\/\/www.clinicacemtro.com\/traumatologia\/unidad-de-traumatologia-infantil\/\">Unidad de Traumatolog\u00eda Infantil<\/a> de Cl\u00ednica CEMTRO,&nbsp; ha hablado sobre <strong>los usos de la&nbsp;fijaci\u00f3n circular en casos de secuelas de traumatismos y sepsis<\/strong>. Esta es una herramienta muy \u00fatil para el tratamiento de pseudoartrosis complicadas en pacientes que no pueden usar implantes est\u00e1ndar como es el caso de los clavos o las placas.<\/p>\n<p><img loading=\"lazy\" decoding=\"async\" class=\"aligncenter wp-image-13766 size-full\" title=\"Participacion_Curso_Fijacion_Externa\" src=\"https:\/\/www.clinicacemtro.com\/wp-content\/uploads\/2019\/02\/Participacion_Curso_Fijacion_Externa.jpg\" alt=\"Participacion Curso Fijacion Externa\" width=\"800\" height=\"600\" srcset=\"https:\/\/www.clinicacemtro.com\/wp-content\/uploads\/2019\/02\/Participacion_Curso_Fijacion_Externa.jpg 800w, https:\/\/www.clinicacemtro.com\/wp-content\/uploads\/2019\/02\/Participacion_Curso_Fijacion_Externa-600x450.jpg 600w, https:\/\/www.clinicacemtro.com\/wp-content\/uploads\/2019\/02\/Participacion_Curso_Fijacion_Externa-300x225.jpg 300w, https:\/\/www.clinicacemtro.com\/wp-content\/uploads\/2019\/02\/Participacion_Curso_Fijacion_Externa-768x576.jpg 768w\" sizes=\"auto, (max-width: 800px) 100vw, 800px\" \/><\/p>\n<p>Los asistentes al curso han tenido la oportunidad de realizar<strong> talleres de fijaci\u00f3n circular para deformidades de tibia proximal y de tibia distal con el fijador circular Tylor Spatial Frame (TSF) impartidos por los Dres. Alonso y Cabello<\/strong>. Este&nbsp;fijador circular permite la correcci\u00f3n progresiva de deformidades guiada por un programa de software.<\/p>\n","protected":false},"excerpt":{"rendered":"<p>Los Dres. Javier Alonso Hern\u00e1ndez y Juan Cabello Blanco, de la Unidad de Traumatolog\u00eda Infantil de Cl\u00ednica CEMTRO, han participado en el&nbsp;I Curso Formaci\u00f3n Avanzada en Fijaci\u00f3n Externa Circular &#8211; M\u00f3dulo 3&nbsp;que se ha celebrado los pasados 31 de enero y 1 de febrero de 2019 en el Ayre Gran Hotel Col\u00f3n de Madrid. El&#8230;<\/p>\n","protected":false},"author":2,"featured_media":13768,"comment_status":"open","ping_status":"open","sticky":false,"template":"","format":"standard","meta":{"inline_featured_image":false,"footnotes":""},"categories":[558],"tags":[576],"class_list":["post-13869","post","type-post","status-publish","format-standard","has-post-thumbnail","hentry","category-noticias-en","tag-traumatologia-infantil-en"],"acf":[],"yoast_head":"<!-- This site is optimized with the Yoast SEO plugin v27.3 - https:\/\/yoast.com\/product\/yoast-seo-wordpress\/ -->\n<title>Curso Formaci\u00f3n en Fijaci\u00f3n Externa Circular - Cl\u00ednica CEMTRO<\/title>\n<meta name=\"description\" content=\"Los Dres. Alonso y Cabello, de la Unidad de Traumatolog\u00eda Infantil, han participado en el\u00a0I Curso Formaci\u00f3n en Fijaci\u00f3n Externa Circular.\" \/>\n<meta name=\"robots\" content=\"index, follow, max-snippet:-1, max-image-preview:large, max-video-preview:-1\" \/>\n<link rel=\"canonical\" href=\"https:\/\/www.clinicacemtro.com\/curso-formacion-avanzada-fijacion-externa-circular\/\" \/>\n<meta property=\"og:locale\" content=\"en_US\" \/>\n<meta property=\"og:type\" content=\"article\" \/>\n<meta property=\"og:title\" content=\"Curso Formaci\u00f3n en Fijaci\u00f3n Externa Circular - Cl\u00ednica CEMTRO\" \/>\n<meta property=\"og:description\" content=\"Los Dres. Alonso y Cabello, de la Unidad de Traumatolog\u00eda Infantil, han participado en el\u00a0I Curso Formaci\u00f3n en Fijaci\u00f3n Externa Circular.\" \/>\n<meta property=\"og:url\" content=\"https:\/\/www.clinicacemtro.com\/curso-formacion-avanzada-fijacion-externa-circular\/\" \/>\n<meta property=\"og:site_name\" content=\"Cl\u00ednica CEMTRO\" \/>\n<meta property=\"article:published_time\" content=\"2019-02-05T09:02:06+00:00\" \/>\n<meta property=\"article:modified_time\" content=\"2021-04-27T07:07:15+00:00\" \/>\n<meta property=\"og:image\" content=\"https:\/\/www.clinicacemtro.com\/wp-content\/uploads\/2019\/02\/Traumatologia_Infantil_Curso_Fijacion_Externa.jpg\" \/>\n\t<meta property=\"og:image:width\" content=\"600\" \/>\n\t<meta property=\"og:image:height\" content=\"400\" \/>\n\t<meta property=\"og:image:type\" content=\"image\/jpeg\" \/>\n<meta name=\"author\" content=\"Comunicaci\u00f3n Cemtro\" \/>\n<meta name=\"twitter:card\" content=\"summary_large_image\" \/>\n<meta name=\"twitter:label1\" content=\"Written by\" \/>\n\t<meta name=\"twitter:data1\" content=\"Comunicaci\u00f3n Cemtro\" \/>\n\t<meta name=\"twitter:label2\" content=\"Est. reading time\" \/>\n\t<meta name=\"twitter:data2\" content=\"2 minutes\" \/>\n<script type=\"application\/ld+json\" class=\"yoast-schema-graph\">{\"@context\":\"https:\\\/\\\/schema.org\",\"@graph\":[{\"@type\":\"Article\",\"@id\":\"https:\\\/\\\/www.clinicacemtro.com\\\/curso-formacion-avanzada-fijacion-externa-circular\\\/#article\",\"isPartOf\":{\"@id\":\"https:\\\/\\\/www.clinicacemtro.com\\\/curso-formacion-avanzada-fijacion-externa-circular\\\/\"},\"author\":{\"name\":\"Comunicaci\u00f3n Cemtro\",\"@id\":\"https:\\\/\\\/www.clinicacemtro.com\\\/en\\\/#\\\/schema\\\/person\\\/c5c00f21986e4bc9f0ad75977dce6042\"},\"headline\":\"La Unidad de Traumatolog\u00eda Infantil ha participado en el I Curso Formaci\u00f3n Avanzada en Fijaci\u00f3n Externa Circular\",\"datePublished\":\"2019-02-05T09:02:06+00:00\",\"dateModified\":\"2021-04-27T07:07:15+00:00\",\"mainEntityOfPage\":{\"@id\":\"https:\\\/\\\/www.clinicacemtro.com\\\/curso-formacion-avanzada-fijacion-externa-circular\\\/\"},\"wordCount\":447,\"commentCount\":0,\"image\":{\"@id\":\"https:\\\/\\\/www.clinicacemtro.com\\\/curso-formacion-avanzada-fijacion-externa-circular\\\/#primaryimage\"},\"thumbnailUrl\":\"https:\\\/\\\/www.clinicacemtro.com\\\/wp-content\\\/uploads\\\/2019\\\/02\\\/Traumatologia_Infantil_Curso_Fijacion_Externa.jpg\",\"keywords\":[\"traumatolog\u00eda infantil\"],\"articleSection\":[\"Noticias\"],\"inLanguage\":\"en-US\",\"potentialAction\":[{\"@type\":\"CommentAction\",\"name\":\"Comment\",\"target\":[\"https:\\\/\\\/www.clinicacemtro.com\\\/curso-formacion-avanzada-fijacion-externa-circular\\\/#respond\"]}]},{\"@type\":\"WebPage\",\"@id\":\"https:\\\/\\\/www.clinicacemtro.com\\\/curso-formacion-avanzada-fijacion-externa-circular\\\/\",\"url\":\"https:\\\/\\\/www.clinicacemtro.com\\\/curso-formacion-avanzada-fijacion-externa-circular\\\/\",\"name\":\"Curso Formaci\u00f3n en Fijaci\u00f3n Externa Circular - Cl\u00ednica CEMTRO\",\"isPartOf\":{\"@id\":\"https:\\\/\\\/www.clinicacemtro.com\\\/en\\\/#website\"},\"primaryImageOfPage\":{\"@id\":\"https:\\\/\\\/www.clinicacemtro.com\\\/curso-formacion-avanzada-fijacion-externa-circular\\\/#primaryimage\"},\"image\":{\"@id\":\"https:\\\/\\\/www.clinicacemtro.com\\\/curso-formacion-avanzada-fijacion-externa-circular\\\/#primaryimage\"},\"thumbnailUrl\":\"https:\\\/\\\/www.clinicacemtro.com\\\/wp-content\\\/uploads\\\/2019\\\/02\\\/Traumatologia_Infantil_Curso_Fijacion_Externa.jpg\",\"datePublished\":\"2019-02-05T09:02:06+00:00\",\"dateModified\":\"2021-04-27T07:07:15+00:00\",\"author\":{\"@id\":\"https:\\\/\\\/www.clinicacemtro.com\\\/en\\\/#\\\/schema\\\/person\\\/c5c00f21986e4bc9f0ad75977dce6042\"},\"description\":\"Los Dres. Alonso y Cabello, de la Unidad de Traumatolog\u00eda Infantil, han participado en el\u00a0I Curso Formaci\u00f3n en Fijaci\u00f3n Externa Circular.\",\"inLanguage\":\"en-US\",\"potentialAction\":[{\"@type\":\"ReadAction\",\"target\":[\"https:\\\/\\\/www.clinicacemtro.com\\\/curso-formacion-avanzada-fijacion-externa-circular\\\/\"]}]},{\"@type\":\"ImageObject\",\"inLanguage\":\"en-US\",\"@id\":\"https:\\\/\\\/www.clinicacemtro.com\\\/curso-formacion-avanzada-fijacion-externa-circular\\\/#primaryimage\",\"url\":\"https:\\\/\\\/www.clinicacemtro.com\\\/wp-content\\\/uploads\\\/2019\\\/02\\\/Traumatologia_Infantil_Curso_Fijacion_Externa.jpg\",\"contentUrl\":\"https:\\\/\\\/www.clinicacemtro.com\\\/wp-content\\\/uploads\\\/2019\\\/02\\\/Traumatologia_Infantil_Curso_Fijacion_Externa.jpg\",\"width\":600,\"height\":400,\"caption\":\"Traumatologia Infantil Curso Fijacion Externa\"},{\"@type\":\"WebSite\",\"@id\":\"https:\\\/\\\/www.clinicacemtro.com\\\/en\\\/#website\",\"url\":\"https:\\\/\\\/www.clinicacemtro.com\\\/en\\\/\",\"name\":\"Cl\u00ednica CEMTRO\",\"description\":\"\",\"alternateName\":\"Cl\u00ednica CEMTRO\",\"potentialAction\":[{\"@type\":\"SearchAction\",\"target\":{\"@type\":\"EntryPoint\",\"urlTemplate\":\"https:\\\/\\\/www.clinicacemtro.com\\\/en\\\/?s={search_term_string}\"},\"query-input\":{\"@type\":\"PropertyValueSpecification\",\"valueRequired\":true,\"valueName\":\"search_term_string\"}}],\"inLanguage\":\"en-US\"},{\"@type\":\"Person\",\"@id\":\"https:\\\/\\\/www.clinicacemtro.com\\\/en\\\/#\\\/schema\\\/person\\\/c5c00f21986e4bc9f0ad75977dce6042\",\"name\":\"Comunicaci\u00f3n Cemtro\",\"url\":\"https:\\\/\\\/www.clinicacemtro.com\\\/en\\\/author\\\/comucemtro\\\/\"}]}<\/script>\n<!-- \/ Yoast SEO plugin. -->","yoast_head_json":{"title":"Curso Formaci\u00f3n en Fijaci\u00f3n Externa Circular - Cl\u00ednica CEMTRO","description":"Los Dres. Alonso y Cabello, de la Unidad de Traumatolog\u00eda Infantil, han participado en el\u00a0I Curso Formaci\u00f3n en Fijaci\u00f3n Externa Circular.","robots":{"index":"index","follow":"follow","max-snippet":"max-snippet:-1","max-image-preview":"max-image-preview:large","max-video-preview":"max-video-preview:-1"},"canonical":"https:\/\/www.clinicacemtro.com\/curso-formacion-avanzada-fijacion-externa-circular\/","og_locale":"en_US","og_type":"article","og_title":"Curso Formaci\u00f3n en Fijaci\u00f3n Externa Circular - Cl\u00ednica CEMTRO","og_description":"Los Dres. Alonso y Cabello, de la Unidad de Traumatolog\u00eda Infantil, han participado en el\u00a0I Curso Formaci\u00f3n en Fijaci\u00f3n Externa Circular.","og_url":"https:\/\/www.clinicacemtro.com\/curso-formacion-avanzada-fijacion-externa-circular\/","og_site_name":"Cl\u00ednica CEMTRO","article_published_time":"2019-02-05T09:02:06+00:00","article_modified_time":"2021-04-27T07:07:15+00:00","og_image":[{"width":600,"height":400,"url":"https:\/\/www.clinicacemtro.com\/wp-content\/uploads\/2019\/02\/Traumatologia_Infantil_Curso_Fijacion_Externa.jpg","type":"image\/jpeg"}],"author":"Comunicaci\u00f3n Cemtro","twitter_card":"summary_large_image","twitter_misc":{"Written by":"Comunicaci\u00f3n Cemtro","Est. reading time":"2 minutes"},"schema":{"@context":"https:\/\/schema.org","@graph":[{"@type":"Article","@id":"https:\/\/www.clinicacemtro.com\/curso-formacion-avanzada-fijacion-externa-circular\/#article","isPartOf":{"@id":"https:\/\/www.clinicacemtro.com\/curso-formacion-avanzada-fijacion-externa-circular\/"},"author":{"name":"Comunicaci\u00f3n Cemtro","@id":"https:\/\/www.clinicacemtro.com\/en\/#\/schema\/person\/c5c00f21986e4bc9f0ad75977dce6042"},"headline":"La Unidad de Traumatolog\u00eda Infantil ha participado en el I Curso Formaci\u00f3n Avanzada en Fijaci\u00f3n Externa Circular","datePublished":"2019-02-05T09:02:06+00:00","dateModified":"2021-04-27T07:07:15+00:00","mainEntityOfPage":{"@id":"https:\/\/www.clinicacemtro.com\/curso-formacion-avanzada-fijacion-externa-circular\/"},"wordCount":447,"commentCount":0,"image":{"@id":"https:\/\/www.clinicacemtro.com\/curso-formacion-avanzada-fijacion-externa-circular\/#primaryimage"},"thumbnailUrl":"https:\/\/www.clinicacemtro.com\/wp-content\/uploads\/2019\/02\/Traumatologia_Infantil_Curso_Fijacion_Externa.jpg","keywords":["traumatolog\u00eda infantil"],"articleSection":["Noticias"],"inLanguage":"en-US","potentialAction":[{"@type":"CommentAction","name":"Comment","target":["https:\/\/www.clinicacemtro.com\/curso-formacion-avanzada-fijacion-externa-circular\/#respond"]}]},{"@type":"WebPage","@id":"https:\/\/www.clinicacemtro.com\/curso-formacion-avanzada-fijacion-externa-circular\/","url":"https:\/\/www.clinicacemtro.com\/curso-formacion-avanzada-fijacion-externa-circular\/","name":"Curso Formaci\u00f3n en Fijaci\u00f3n Externa Circular - Cl\u00ednica CEMTRO","isPartOf":{"@id":"https:\/\/www.clinicacemtro.com\/en\/#website"},"primaryImageOfPage":{"@id":"https:\/\/www.clinicacemtro.com\/curso-formacion-avanzada-fijacion-externa-circular\/#primaryimage"},"image":{"@id":"https:\/\/www.clinicacemtro.com\/curso-formacion-avanzada-fijacion-externa-circular\/#primaryimage"},"thumbnailUrl":"https:\/\/www.clinicacemtro.com\/wp-content\/uploads\/2019\/02\/Traumatologia_Infantil_Curso_Fijacion_Externa.jpg","datePublished":"2019-02-05T09:02:06+00:00","dateModified":"2021-04-27T07:07:15+00:00","author":{"@id":"https:\/\/www.clinicacemtro.com\/en\/#\/schema\/person\/c5c00f21986e4bc9f0ad75977dce6042"},"description":"Los Dres. Alonso y Cabello, de la Unidad de Traumatolog\u00eda Infantil, han participado en el\u00a0I Curso Formaci\u00f3n en Fijaci\u00f3n Externa Circular.","inLanguage":"en-US","potentialAction":[{"@type":"ReadAction","target":["https:\/\/www.clinicacemtro.com\/curso-formacion-avanzada-fijacion-externa-circular\/"]}]},{"@type":"ImageObject","inLanguage":"en-US","@id":"https:\/\/www.clinicacemtro.com\/curso-formacion-avanzada-fijacion-externa-circular\/#primaryimage","url":"https:\/\/www.clinicacemtro.com\/wp-content\/uploads\/2019\/02\/Traumatologia_Infantil_Curso_Fijacion_Externa.jpg","contentUrl":"https:\/\/www.clinicacemtro.com\/wp-content\/uploads\/2019\/02\/Traumatologia_Infantil_Curso_Fijacion_Externa.jpg","width":600,"height":400,"caption":"Traumatologia Infantil Curso Fijacion Externa"},{"@type":"WebSite","@id":"https:\/\/www.clinicacemtro.com\/en\/#website","url":"https:\/\/www.clinicacemtro.com\/en\/","name":"Cl\u00ednica CEMTRO","description":"","alternateName":"Cl\u00ednica CEMTRO","potentialAction":[{"@type":"SearchAction","target":{"@type":"EntryPoint","urlTemplate":"https:\/\/www.clinicacemtro.com\/en\/?s={search_term_string}"},"query-input":{"@type":"PropertyValueSpecification","valueRequired":true,"valueName":"search_term_string"}}],"inLanguage":"en-US"},{"@type":"Person","@id":"https:\/\/www.clinicacemtro.com\/en\/#\/schema\/person\/c5c00f21986e4bc9f0ad75977dce6042","name":"Comunicaci\u00f3n Cemtro","url":"https:\/\/www.clinicacemtro.com\/en\/author\/comucemtro\/"}]}},"post_mailing_queue_ids":[],"_links":{"self":[{"href":"https:\/\/www.clinicacemtro.com\/en\/wp-json\/wp\/v2\/posts\/13869","targetHints":{"allow":["GET"]}}],"collection":[{"href":"https:\/\/www.clinicacemtro.com\/en\/wp-json\/wp\/v2\/posts"}],"about":[{"href":"https:\/\/www.clinicacemtro.com\/en\/wp-json\/wp\/v2\/types\/post"}],"author":[{"embeddable":true,"href":"https:\/\/www.clinicacemtro.com\/en\/wp-json\/wp\/v2\/users\/2"}],"replies":[{"embeddable":true,"href":"https:\/\/www.clinicacemtro.com\/en\/wp-json\/wp\/v2\/comments?post=13869"}],"version-history":[{"count":0,"href":"https:\/\/www.clinicacemtro.com\/en\/wp-json\/wp\/v2\/posts\/13869\/revisions"}],"wp:featuredmedia":[{"embeddable":true,"href":"https:\/\/www.clinicacemtro.com\/en\/wp-json\/wp\/v2\/media\/13768"}],"wp:attachment":[{"href":"https:\/\/www.clinicacemtro.com\/en\/wp-json\/wp\/v2\/media?parent=13869"}],"wp:term":[{"taxonomy":"category","embeddable":true,"href":"https:\/\/www.clinicacemtro.com\/en\/wp-json\/wp\/v2\/categories?post=13869"},{"taxonomy":"post_tag","embeddable":true,"href":"https:\/\/www.clinicacemtro.com\/en\/wp-json\/wp\/v2\/tags?post=13869"}],"curies":[{"name":"wp","href":"https:\/\/api.w.org\/{rel}","templated":true}]}}